{"id":116966,"date":"2025-10-19T07:50:14","date_gmt":"2025-10-19T07:50:14","guid":{"rendered":"https:\/\/www.europesays.com\/pt\/116966\/"},"modified":"2025-10-19T07:50:14","modified_gmt":"2025-10-19T07:50:14","slug":"homem-baleado-em-leiria-por-suspeito-em-fuga","status":"publish","type":"post","link":"https:\/\/www.europesays.com\/pt\/116966\/","title":{"rendered":"Homem baleado em Leiria por suspeito em fuga"},"content":{"rendered":"<p>\t                At\u00e9 ao momento, ainda n\u00e3o foi poss\u00edvel determinar o tipo de arma utilizada no crime<\/p>\n<p>Um homem foi atingido com um disparo de arma de fogo, na madrugada deste s\u00e1bado, em Leiria, na sequ\u00eancia de um ataque levado a cabo por um suspeito ainda por identificar.<\/p>\n<p>A TVI e CNN sabem que tudo aconteceu por volta da 01:00, quando a v\u00edtima foi atingida no rosto e na regi\u00e3o lombar, tendo sido de imediato transportada ao Hospital de Santo Andr\u00e9. Apesar da gravidade dos ferimentos, a v\u00edtima est\u00e1 fora de perigo. At\u00e9 ao momento, ainda n\u00e3o foi poss\u00edvel determinar o tipo de arma utilizada no crime.<\/p>\n<p>O mesmo suspeito ter\u00e1 ainda agredido um segundo homem que se encontrava no local, antes de se colocar em fuga para parte incerta. O agressor estava com o rosto tapado, dificultando a sua identifica\u00e7\u00e3o.<\/p>\n<p>As v\u00edtimas dizem desconhecer identidade do suspeito.\u00a0<\/p>\n<p>As autoridades est\u00e3o a investigar o caso, recolhendo testemunhos e imagens de videovigil\u00e2ncia da \u00e1rea para localizar o suspeito e apurar a motiva\u00e7\u00e3o do ataque.<\/p>\n","protected":false},"excerpt":{"rendered":"At\u00e9 ao momento, ainda n\u00e3o foi poss\u00edvel determinar o tipo de arma utilizada no crime Um homem foi&hellip;\n","protected":false},"author":2,"featured_media":116967,"comment_status":"","ping_status":"","sticky":false,"template":"","format":"standard","meta":{"footnotes":""},"categories":[10],"tags":[609,836,611,27405,27,28,607,608,333,832,604,135,610,476,15,16,301,830,14,603,25,26,5423,570,21,22,831,833,62,834,12,13,19,20,835,602,52,32,23,24,33,17,18,29,30,31],"class_list":{"0":"post-116966","1":"post","2":"type-post","3":"status-publish","4":"format-standard","5":"has-post-thumbnail","7":"category-portugal","8":"tag-alerta","9":"tag-analise","10":"tag-ao-minuto","11":"tag-ataque-leiria","12":"tag-breaking-news","13":"tag-breakingnews","14":"tag-cnn","15":"tag-cnn-portugal","16":"tag-comentadores","17":"tag-costa","18":"tag-crime","19":"tag-desporto","20":"tag-direto","21":"tag-economia","22":"tag-featured-news","23":"tag-featurednews","24":"tag-governo","25":"tag-guerra","26":"tag-headlines","27":"tag-justica","28":"tag-latest-news","29":"tag-latestnews","30":"tag-leiria","31":"tag-live","32":"tag-main-news","33":"tag-mainnews","34":"tag-mais-vistas","35":"tag-marcelo","36":"tag-mundo","37":"tag-negocios","38":"tag-news","39":"tag-noticias","40":"tag-noticias-principais","41":"tag-noticiasprincipais","42":"tag-opiniao","43":"tag-pais","44":"tag-politica","45":"tag-portugal","46":"tag-principais-noticias","47":"tag-principaisnoticias","48":"tag-pt","49":"tag-top-stories","50":"tag-topstories","51":"tag-ultimas","52":"tag-ultimas-noticias","53":"tag-ultimasnoticias"},"share_on_mastodon":{"url":"","error":""},"_links":{"self":[{"href":"https:\/\/www.europesays.com\/pt\/wp-json\/wp\/v2\/posts\/116966","targetHints":{"allow":["GET"]}}],"collection":[{"href":"https:\/\/www.europesays.com\/pt\/wp-json\/wp\/v2\/posts"}],"about":[{"href":"https:\/\/www.europesays.com\/pt\/wp-json\/wp\/v2\/types\/post"}],"author":[{"embeddable":true,"href":"https:\/\/www.europesays.com\/pt\/wp-json\/wp\/v2\/users\/2"}],"replies":[{"embeddable":true,"href":"https:\/\/www.europesays.com\/pt\/wp-json\/wp\/v2\/comments?post=116966"}],"version-history":[{"count":0,"href":"https:\/\/www.europesays.com\/pt\/wp-json\/wp\/v2\/posts\/116966\/revisions"}],"wp:featuredmedia":[{"embeddable":true,"href":"https:\/\/www.europesays.com\/pt\/wp-json\/wp\/v2\/media\/116967"}],"wp:attachment":[{"href":"https:\/\/www.europesays.com\/pt\/wp-json\/wp\/v2\/media?parent=116966"}],"wp:term":[{"taxonomy":"category","embeddable":true,"href":"https:\/\/www.europesays.com\/pt\/wp-json\/wp\/v2\/categories?post=116966"},{"taxonomy":"post_tag","embeddable":true,"href":"https:\/\/www.europesays.com\/pt\/wp-json\/wp\/v2\/tags?post=116966"}],"curies":[{"name":"wp","href":"https:\/\/api.w.org\/{rel}","templated":true}]}}