{"id":116968,"date":"2025-10-19T07:52:08","date_gmt":"2025-10-19T07:52:08","guid":{"rendered":"https:\/\/www.europesays.com\/pt\/116968\/"},"modified":"2025-10-19T07:52:08","modified_gmt":"2025-10-19T07:52:08","slug":"morre-samantha-eggar-vencedora-de-cannes-e-indicada-ao-oscar-aos-86-anos","status":"publish","type":"post","link":"https:\/\/www.europesays.com\/pt\/116968\/","title":{"rendered":"Morre Samantha Eggar, vencedora de Cannes e indicada ao Oscar, aos 86 anos"},"content":{"rendered":"<p>\n                        Atriz ficou marcada por seu trabalho no filme &#8216;O Colecionador&#8217;, de 1965\n                    <\/p>\n<p>\n                                                                                                                                                                                                                            18 out<br \/>\n                                    2025<br \/>\n                                     &#8211; 21h18\n                                <\/p>\n<p>\n                                                                                                            (atualizado \u00e0s 22h02)\n                                                                    <\/p>\n<p><img loading=\"lazy\" decoding=\"async\" alt=\"Samantha Eggar, em 1996\" class=\"img-b7553ab772b3e3580cc7a7204d75433cq3mpvrov\" height=\"600\" src=\"https:\/\/www.europesays.com\/pt\/wp-content\/uploads\/2025\/10\/gettyimages-1133900681-1if0ljn57iuyc.jpg\"  title=\"Samantha Eggar, em 1996\" width=\"774\"\/><\/p>\n<p>Samantha Eggar, em 1996<\/p>\n<p>Foto: Paul Harris\/Getty Images<\/p>\n<p class=\"text\"><b>Samantha Eggar<\/b>, atriz indicada ao Oscar e vencedora de pr\u00eamios em Cannes e no Globo de Ouro, morreu na \u00faltima quarta-feira, 15, aos 86 anos de idade.<\/p>\n<p class=\"text\">A informa\u00e7\u00e3o foi divulgada por Jenna Stern, filha da atriz, no Instagram, na sexta-feira, 17. A causa da morte n\u00e3o foi divulgada, mas &#8220;ela se foi de forma pac\u00edfica e silenciosa, cercada por sua fam\u00edlia&#8221;. &#8220;Eu estava l\u00e1, perto dela, segurando sua m\u00e3o e dizendo o quanto era amada. Foi bonito. Foi um privil\u00e9gio&#8221;, escreveu Jenna.<\/p>\n<p class=\"text\">Samantha Eggar come\u00e7ou sua carreira cinematogr\u00e1fica no come\u00e7o da d\u00e9cada de 1960, atingindo seu grande destaque poucos anos depois, com O Colecionador (1965). Outro de seus destaques foi em Os Filhos do Medo (1979), de David Cronenberg.<\/p>\n<p class=\"text\">Permaneceu na ativa at\u00e9 o fim dos anos 1990. Chegou a dublar Hera, a m\u00e3e do personagem H\u00e9rcules no longa de anima\u00e7\u00e3o de mesmo nome da Disney, em sua vers\u00e3o original em ingl\u00eas.<\/p>\n<p class=\"text\">\n","protected":false},"excerpt":{"rendered":"Atriz ficou marcada por seu trabalho no filme &#8216;O Colecionador&#8217;, de 1965 18 out 2025 &#8211; 21h18 (atualizado&hellip;\n","protected":false},"author":2,"featured_media":116969,"comment_status":"","ping_status":"","sticky":false,"template":"","format":"standard","meta":{"footnotes":""},"categories":[145],"tags":[211,210,114,115,27406,19007,32,33],"class_list":{"0":"post-116968","1":"post","2":"type-post","3":"status-publish","4":"format-standard","5":"has-post-thumbnail","7":"category-celebridades","8":"tag-celebridades","9":"tag-celebrities","10":"tag-entertainment","11":"tag-entretenimento","12":"tag-festival-de-cannes-cinema","13":"tag-oscar-premio-de-cinema","14":"tag-portugal","15":"tag-pt"},"share_on_mastodon":{"url":"","error":""},"_links":{"self":[{"href":"https:\/\/www.europesays.com\/pt\/wp-json\/wp\/v2\/posts\/116968","targetHints":{"allow":["GET"]}}],"collection":[{"href":"https:\/\/www.europesays.com\/pt\/wp-json\/wp\/v2\/posts"}],"about":[{"href":"https:\/\/www.europesays.com\/pt\/wp-json\/wp\/v2\/types\/post"}],"author":[{"embeddable":true,"href":"https:\/\/www.europesays.com\/pt\/wp-json\/wp\/v2\/users\/2"}],"replies":[{"embeddable":true,"href":"https:\/\/www.europesays.com\/pt\/wp-json\/wp\/v2\/comments?post=116968"}],"version-history":[{"count":0,"href":"https:\/\/www.europesays.com\/pt\/wp-json\/wp\/v2\/posts\/116968\/revisions"}],"wp:featuredmedia":[{"embeddable":true,"href":"https:\/\/www.europesays.com\/pt\/wp-json\/wp\/v2\/media\/116969"}],"wp:attachment":[{"href":"https:\/\/www.europesays.com\/pt\/wp-json\/wp\/v2\/media?parent=116968"}],"wp:term":[{"taxonomy":"category","embeddable":true,"href":"https:\/\/www.europesays.com\/pt\/wp-json\/wp\/v2\/categories?post=116968"},{"taxonomy":"post_tag","embeddable":true,"href":"https:\/\/www.europesays.com\/pt\/wp-json\/wp\/v2\/tags?post=116968"}],"curies":[{"name":"wp","href":"https:\/\/api.w.org\/{rel}","templated":true}]}}