{"id":116970,"date":"2025-10-19T07:58:15","date_gmt":"2025-10-19T07:58:15","guid":{"rendered":"https:\/\/www.europesays.com\/pt\/116970\/"},"modified":"2025-10-19T07:58:15","modified_gmt":"2025-10-19T07:58:15","slug":"foi-a-melhor-equipa-que-enfrentamos-aqui-no-campeonato-frances","status":"publish","type":"post","link":"https:\/\/www.europesays.com\/pt\/116970\/","title":{"rendered":"\u00abFoi a melhor equipa que enfrent\u00e1mos aqui no campeonato franc\u00eas\u00bb"},"content":{"rendered":"<p>&#8211; Advertisement &#8211;<\/p>\n<p><strong>Luis Enrique analisou o empate entre o PSG e o Estrasburgo. Dois clubes empataram por 3-3 na abertura da oitava jornada da Ligue 1.<\/strong><\/p>\n<p>Luis Enrique analisou o <a href=\"https:\/\/bolanarede.pt\/especial-bola-na-rede\/atualidade\/diego-moreira-e-goncalo-ramos-marcam-no-tropeco-do-psg-diante-do-estrasburgo-na-ligue-1\/\" target=\"_blank\" rel=\"noreferrer noopener nofollow\">empate entre o PSG e o Estrasburgo<\/a> na oitava jornada da Ligue 1 por 3-3. O treinador dos parisienses elogiou o advers\u00e1rio e lamentou os tr\u00eas golos sofridos. <\/p>\n<p>\u00abPenso que foi a melhor equipa que enfrent\u00e1mos aqui no campeonato franc\u00eas. J\u00e1 conhec\u00edamos o n\u00edvel deles, individual e coletivamente. Gosto da forma como jogam. S\u00e3o uma das melhores equipas da\u00a0Ligue 1. Sab\u00edamos que seria dif\u00edcil, mas demos prioridade \u00e0 gest\u00e3o de esfor\u00e7o ap\u00f3s a paragem para sele\u00e7\u00f5es. Tenho de saber gerir a carga f\u00edsica dos meus jogadores\u00bb, explicou o treinador PSG. <\/p>\n<p>\u00abNa primeira parte come\u00e7\u00e1mos bem, mostr\u00e1mos a nossa superioridade, mas no final da parte fomos piores. Sofremos e foi complicado. A intensidade foi melhor na segunda parte, conseguimos voltar ao jogo. \u00c9 uma pena, porque os adeptos foram fant\u00e1sticos e mereciam melhor. Mas \u00e9 o que \u00e9. Nenhum treinador fica feliz com tr\u00eas golos sofridos. \u00c9 imposs\u00edvel estar feliz. Mas tento sempre melhorar o meu trabalho. Tenho a sorte de ter muita informa\u00e7\u00e3o para analisar e vamos trabalhar para melhorar\u00bb, destacou Luis Enrique.<\/p>\n<p>Este ano o PSG j\u00e1 perdeu sete pontos, n\u00fameros elevados para uma altura em que s\u00f3 decorreram ainda s\u00f3 fez oito jogos da Ligue 1. Luis Enrique refletiu sobre estes n\u00fameros.<\/p>\n<p>\u00abO momento que atravessamos \u00e9 especial, com muitas particularidades, mais ou menos como para as outras equipas. Queremos ser competitivos em todas as provas e sabemos quais ser\u00e3o os meses mais exigentes. Queremos ganhar tudo. Ser\u00e1 dif\u00edcil, mas temos de saber lidar com os momentos\u00bb, concluiu Luis Enrique.<\/p>\n","protected":false},"excerpt":{"rendered":"&#8211; Advertisement &#8211; Luis Enrique analisou o empate entre o PSG e o Estrasburgo. Dois clubes empataram por&hellip;\n","protected":false},"author":2,"featured_media":116971,"comment_status":"","ping_status":"","sticky":false,"template":"","format":"standard","meta":{"footnotes":""},"categories":[87],"tags":[260,135,10393,1767,12477,32,1758,33,134],"class_list":{"0":"post-116970","1":"post","2":"type-post","3":"status-publish","4":"format-standard","5":"has-post-thumbnail","7":"category-desporto","8":"tag-atualidade","9":"tag-desporto","10":"tag-estrasburgo","11":"tag-ligue-1","12":"tag-luis-enrique","13":"tag-portugal","14":"tag-psg","15":"tag-pt","16":"tag-sports"},"share_on_mastodon":{"url":"","error":""},"_links":{"self":[{"href":"https:\/\/www.europesays.com\/pt\/wp-json\/wp\/v2\/posts\/116970","targetHints":{"allow":["GET"]}}],"collection":[{"href":"https:\/\/www.europesays.com\/pt\/wp-json\/wp\/v2\/posts"}],"about":[{"href":"https:\/\/www.europesays.com\/pt\/wp-json\/wp\/v2\/types\/post"}],"author":[{"embeddable":true,"href":"https:\/\/www.europesays.com\/pt\/wp-json\/wp\/v2\/users\/2"}],"replies":[{"embeddable":true,"href":"https:\/\/www.europesays.com\/pt\/wp-json\/wp\/v2\/comments?post=116970"}],"version-history":[{"count":0,"href":"https:\/\/www.europesays.com\/pt\/wp-json\/wp\/v2\/posts\/116970\/revisions"}],"wp:featuredmedia":[{"embeddable":true,"href":"https:\/\/www.europesays.com\/pt\/wp-json\/wp\/v2\/media\/116971"}],"wp:attachment":[{"href":"https:\/\/www.europesays.com\/pt\/wp-json\/wp\/v2\/media?parent=116970"}],"wp:term":[{"taxonomy":"category","embeddable":true,"href":"https:\/\/www.europesays.com\/pt\/wp-json\/wp\/v2\/categories?post=116970"},{"taxonomy":"post_tag","embeddable":true,"href":"https:\/\/www.europesays.com\/pt\/wp-json\/wp\/v2\/tags?post=116970"}],"curies":[{"name":"wp","href":"https:\/\/api.w.org\/{rel}","templated":true}]}}