{"id":116980,"date":"2025-10-19T08:06:08","date_gmt":"2025-10-19T08:06:08","guid":{"rendered":"https:\/\/www.europesays.com\/pt\/116980\/"},"modified":"2025-10-19T08:06:08","modified_gmt":"2025-10-19T08:06:08","slug":"sbt-tv-karoline-lima-reage-apos-filha-beber-refrigerante-em-festa","status":"publish","type":"post","link":"https:\/\/www.europesays.com\/pt\/116980\/","title":{"rendered":"SBT TV | Karoline Lima reage ap\u00f3s filha beber refrigerante em festa"},"content":{"rendered":"<p data-end=\"810\" data-start=\"244\">Karoline Lima, de 29 anos, divertiu os seguidores neste s\u00e1bado (18) ao compartilhar uma conversa inusitada com a filha, Cec\u00edlia, de 3 anos, fruto de seu relacionamento com o jogador \u00c9der Milit\u00e3o. A influenciadora descobriu que a pequena tomou refrigerante em uma festa de anivers\u00e1rio, e n\u00e3o escondeu a surpresa.<\/p>\n<p data-end=\"810\" data-start=\"244\"><a href=\"https:\/\/tinyurl.com\/sbt285030\" class=\"link_sbttv\" rel=\"nofollow noopener\" target=\"_blank\">+\u00a0Tat\u00e1 Werneck se diverte ap\u00f3s ser confundida com Tata Estaniecki: &#8220;Eu t\u00f4 casada&#8221;<\/a><\/p>\n<p data-end=\"810\" data-start=\"244\"><a href=\"https:\/\/tinyurl.com\/sbt285029\" class=\"link_sbttv\" rel=\"nofollow noopener\" target=\"_blank\">+\u00a0Ana Castela e Z\u00e9 Felipe fazem participa\u00e7\u00e3o especial em show de Leonardo no Paran\u00e1<\/a><\/p>\n<p data-end=\"810\" data-start=\"244\">Em v\u00eddeos publicados nas redes sociais, Karoline aparece brincando com a filha enquanto tenta arrancar uma confiss\u00e3o. &#8220;Eu quero explica\u00e7\u00f5es! Quero que a senhora me conte o que tomou ontem, Cec\u00edlia de Lima! Quero sinceridade!&#8221;, disse ela, bem-humorada.<\/p>\n<p data-end=\"1147\" data-start=\"812\">Entre risadas, a menina respondeu que havia tomado &#8220;suco de coquinha&#8221;, arrancando gargalhadas da m\u00e3e. &#8220;Suco de coquinha, Cec\u00edlia? Tu tomou o qu\u00ea? Tu tomou Coca-Cola!&#8221;, reagiu Karoline, aos risos. A influenciadora explicou que evita oferecer refrigerantes \u00e0 filha, mas pretende adotar uma postura mais flex\u00edvel em situa\u00e7\u00f5es especiais.<\/p>\n<p data-end=\"1510\" data-is-last-node=\"\" data-is-only-node=\"\" data-start=\"1149\">&#8220;Em casa, nunca libero. Fora daqui, j\u00e1 n\u00e3o sei&#8230; Mas se for em um anivers\u00e1rio, vou come\u00e7ar a permitir. No fim das contas, tudo \u00e9 sobre equil\u00edbrio. N\u00e3o d\u00e1 pra ser r\u00edgida demais e depois ver ela querendo fazer escondido de mim&#8221;, afirmou.\u00a0<\/p>\n","protected":false},"excerpt":{"rendered":"Karoline Lima, de 29 anos, divertiu os seguidores neste s\u00e1bado (18) ao compartilhar uma conversa inusitada com a&hellip;\n","protected":false},"author":2,"featured_media":116981,"comment_status":"","ping_status":"","sticky":false,"template":"","format":"standard","meta":{"footnotes":""},"categories":[145],"tags":[211,210,114,115,972,27409,7147,32,33,936],"class_list":{"0":"post-116980","1":"post","2":"type-post","3":"status-publish","4":"format-standard","5":"has-post-thumbnail","7":"category-celebridades","8":"tag-celebridades","9":"tag-celebrities","10":"tag-entertainment","11":"tag-entretenimento","12":"tag-fofocalizando","13":"tag-karoline","14":"tag-lima","15":"tag-portugal","16":"tag-pt","17":"tag-sbt"},"share_on_mastodon":{"url":"","error":""},"_links":{"self":[{"href":"https:\/\/www.europesays.com\/pt\/wp-json\/wp\/v2\/posts\/116980","targetHints":{"allow":["GET"]}}],"collection":[{"href":"https:\/\/www.europesays.com\/pt\/wp-json\/wp\/v2\/posts"}],"about":[{"href":"https:\/\/www.europesays.com\/pt\/wp-json\/wp\/v2\/types\/post"}],"author":[{"embeddable":true,"href":"https:\/\/www.europesays.com\/pt\/wp-json\/wp\/v2\/users\/2"}],"replies":[{"embeddable":true,"href":"https:\/\/www.europesays.com\/pt\/wp-json\/wp\/v2\/comments?post=116980"}],"version-history":[{"count":0,"href":"https:\/\/www.europesays.com\/pt\/wp-json\/wp\/v2\/posts\/116980\/revisions"}],"wp:featuredmedia":[{"embeddable":true,"href":"https:\/\/www.europesays.com\/pt\/wp-json\/wp\/v2\/media\/116981"}],"wp:attachment":[{"href":"https:\/\/www.europesays.com\/pt\/wp-json\/wp\/v2\/media?parent=116980"}],"wp:term":[{"taxonomy":"category","embeddable":true,"href":"https:\/\/www.europesays.com\/pt\/wp-json\/wp\/v2\/categories?post=116980"},{"taxonomy":"post_tag","embeddable":true,"href":"https:\/\/www.europesays.com\/pt\/wp-json\/wp\/v2\/tags?post=116980"}],"curies":[{"name":"wp","href":"https:\/\/api.w.org\/{rel}","templated":true}]}}