{"id":116984,"date":"2025-10-19T08:13:05","date_gmt":"2025-10-19T08:13:05","guid":{"rendered":"https:\/\/www.europesays.com\/pt\/116984\/"},"modified":"2025-10-19T08:13:05","modified_gmt":"2025-10-19T08:13:05","slug":"infogripe-casos-de-srag-por-covid-19-aumentam-em-cinco-estados","status":"publish","type":"post","link":"https:\/\/www.europesays.com\/pt\/116984\/","title":{"rendered":"InfoGripe: casos de SRAG por Covid-19 aumentam em cinco estados"},"content":{"rendered":"<p>A \u00faltima atualiza\u00e7\u00e3o do <a href=\"https:\/\/agencia.fiocruz.br\/infogripe-casos-graves-de-influenza-e-covid-19-aumentam-em-alguns-estados\" rel=\"nofollow noopener\" target=\"_blank\">Boletim InfoGripe da Fiocruz<\/a>, divulgada nesta quinta-feira (16), aponta <strong>avan\u00e7o dos casos de S\u00edndrome Respirat\u00f3ria Aguda Grave (SRAG) causados por <a href=\"https:\/\/www.gov.br\/saude\/pt-br\/assuntos\/saude-de-a-a-z\/c\/covid-19\" rel=\"nofollow noopener\" target=\"_blank\">Covid-19<\/a><\/strong> em cinco estados:<\/p>\n<ul>&#13;<\/p>\n<li>Bahia<\/li>\n<p>&#13;<\/p>\n<li>Paran\u00e1<\/li>\n<p>&#13;<\/p>\n<li>Rio Grande do Sul<\/li>\n<p>&#13;<\/p>\n<li>Santa Catarina<\/li>\n<p>&#13;<\/p>\n<li>S\u00e3o Paulo<\/li>\n<p>&#13;\n<\/ul>\n<p>O <strong>levantamento epidemiol\u00f3gico<\/strong> tamb\u00e9m <strong>indica a continuidade do crescimento de casos de SRAG por <a href=\"https:\/\/www.gov.br\/saude\/pt-br\/assuntos\/saude-de-a-a-z\/g\/gripe-influenza\" rel=\"nofollow noopener\" target=\"_blank\">influenza A<\/a> <\/strong>em <a href=\"https:\/\/goias.gov.br\/\" rel=\"nofollow noopener\" target=\"_blank\"><strong>Goi\u00e1s<\/strong><\/a><b>\u00a0<\/b>e <a href=\"https:\/\/sp.gov.br\/sp\" rel=\"nofollow noopener\" target=\"_blank\"><strong>S\u00e3o Paulo<\/strong><\/a>. No entanto, n\u00e3o h\u00e1 impacto significativo nas hospitaliza\u00e7\u00f5es. A an\u00e1lise \u00e9 referente \u00e0 Semana epidemiol\u00f3gica (SE) 41, de 5 a 11 de outubro.<\/p>\n<p>Faixas et\u00e1rias mais afetadas<\/p>\n<p>Em rela\u00e7\u00e3o \u00e0s faixas et\u00e1rias mais afetadas, o <a href=\"https:\/\/www.es.gov.br\/\" rel=\"nofollow noopener\" target=\"_blank\"><strong>Esp\u00edrito Santo<\/strong><\/a> se destaca como o <strong>\u00fanico estado onde os casos de SRAG\u00a0por Covid-19 entre idosos permanecem est\u00e1veis<\/strong> \u2014 embora ainda em n\u00edveis elevados para a regi\u00e3o.<\/p>\n<p>A pesquisa tamb\u00e9m aponta que <strong>a incid\u00eancia da SRAG pela doen\u00e7a \u00e9 mais alta entre crian\u00e7as de at\u00e9 dois anos<\/strong>, enquanto a <strong>mortalidade continua predominante entre os idosos<\/strong>.<\/p>\n<p>Diante desse cen\u00e1rio, o <a href=\"https:\/\/www.gov.br\/saude\/pt-br\" rel=\"nofollow noopener\" target=\"_blank\">Minist\u00e9rio da Sa\u00fade<\/a> realiza <strong>neste s\u00e1bado (18) o<\/strong> <strong><a href=\"https:\/\/www.gov.br\/saude\/pt-br\/assuntos\/noticias\/2025\/outubro\/ministerio-da-saude-promove-dia-d-para-atualizar-caderneta-de-vacinacao-de-criancas-e-adolescentes\" rel=\"nofollow noopener\" target=\"_blank\">Dia D de mobiliza\u00e7\u00e3o nacional pela vacina\u00e7\u00e3o<\/a><\/strong>, com o objetivo de refor\u00e7ar a import\u00e2ncia da imuniza\u00e7\u00e3o e conter o avan\u00e7o de casos graves de SRAG.<\/p>\n<p>A pesquisadora Tatiana Portella, do Programa de Computa\u00e7\u00e3o Cient\u00edfica da <a href=\"https:\/\/fiocruz.br\/\" rel=\"nofollow noopener\" target=\"_blank\">Fiocruz<\/a> e do InfoGripe, destaca que<strong> pessoas pertencentes aos grupos de risco devem manter a carteira de vacina\u00e7\u00e3o atualizada<\/strong>.<\/p>\n<p>\u201cA gente pede para que as pessoas dos grupos de risco verifiquem se est\u00e3o em dia com a vacina\u00e7\u00e3o contra o v\u00edrus, lembrando que idosos precisam tomar doses de refor\u00e7o a cada seis meses, enquanto que os outros grupos, como imunocomprometidos, que s\u00e3o tamb\u00e9m grupos de risco, precisam tomar doses de refor\u00e7o uma vez ao ano\u201d, ressalta Portella.<\/p>\n<p>Incid\u00eancia<\/p>\n<p>As \u00faltimas quatro semanas epidemiol\u00f3gicas apontam que o rinov\u00edrus \u00e9 o v\u00edrus mais detectado entre os casos positivos, seguido por influenza A e covid-19.<\/p>\n<p>&#13;<br \/>\n\t&#13;<\/p>\n<tr>&#13;<br \/>\n\t\t\tV\u00edrus&#13;<br \/>\n\t\t\tPreval\u00eancia (%)&#13;<br \/>\n\t\t<\/tr>\n<p>&#13;<\/p>\n<tr>&#13;<\/p>\n<td>Rinov\u00edrus<\/td>\n<p>&#13;<\/p>\n<td>39,8%<\/td>\n<p>&#13;<br \/>\n\t\t<\/tr>\n<p>&#13;<\/p>\n<tr>&#13;<\/p>\n<td>Influenza A<\/td>\n<p>&#13;<\/p>\n<td>20,1%<\/td>\n<p>&#13;<br \/>\n\t\t<\/tr>\n<p>&#13;<\/p>\n<tr>&#13;<\/p>\n<td>Sars-CoV-2 (Covid-19)<\/td>\n<p>&#13;<\/p>\n<td>16,2%<\/td>\n<p>&#13;<br \/>\n\t\t<\/tr>\n<p>&#13;<\/p>\n<tr>&#13;<\/p>\n<td>V\u00edrus Sincicial Respirat\u00f3rio (VSR)<\/td>\n<p>&#13;<\/p>\n<td>9,1%<\/td>\n<p>&#13;<br \/>\n\t\t<\/tr>\n<p>&#13;<\/p>\n<tr>&#13;<\/p>\n<td>Influenza B<\/td>\n<p>&#13;<\/p>\n<td>2%<\/td>\n<p>&#13;<br \/>\n\t\t<\/tr>\n<p>&#13;<br \/>\n\t&#13;<\/p>\n<p><a href=\"https:\/\/agencia.fiocruz.br\/infogripe-casos-graves-de-influenza-e-covid-19-aumentam-em-alguns-estados\" rel=\"nofollow noopener\" target=\"_blank\">Fonte: Fiocruz<\/a><\/p>\n<p>Em rela\u00e7\u00e3o aos \u00f3bitos registrados no mesmo per\u00edodo, a Covid-19 aparece como a principal causa, seguida pelo rinov\u00edrus e pela influenza A.<\/p>\n<p>&#13;<br \/>\n\t&#13;<\/p>\n<tr>&#13;<br \/>\n\t\t\tV\u00edrus&#13;<br \/>\n\t\t\tPreval\u00eancia (%)&#13;<br \/>\n\t\t<\/tr>\n<p>&#13;<\/p>\n<tr>&#13;<\/p>\n<td>Sars-CoV-2 (Covid-19)<\/td>\n<p>&#13;<\/p>\n<td>51,5%<\/td>\n<p>&#13;<br \/>\n\t\t<\/tr>\n<p>&#13;<\/p>\n<tr>&#13;<\/p>\n<td>Rinov\u00edrus<\/td>\n<p>&#13;<\/p>\n<td>21,4%<\/td>\n<p>&#13;<br \/>\n\t\t<\/tr>\n<p>&#13;<\/p>\n<tr>&#13;<\/p>\n<td>Influenza A<\/td>\n<p>&#13;<\/p>\n<td>15,5%<\/td>\n<p>&#13;<br \/>\n\t\t<\/tr>\n<p>&#13;<\/p>\n<tr>&#13;<\/p>\n<td>V\u00edrus Sincicial Respirat\u00f3rio (VSR)<\/td>\n<p>&#13;<\/p>\n<td>6,8%<\/td>\n<p>&#13;<br \/>\n\t\t<\/tr>\n<p>&#13;<\/p>\n<tr>&#13;<\/p>\n<td>Influenza B<\/td>\n<p>&#13;<\/p>\n<td>2,9%<\/td>\n<p>&#13;<br \/>\n\t\t<\/tr>\n<p>&#13;<br \/>\n\t&#13;<\/p>\n<p><a href=\"https:\/\/agencia.fiocruz.br\/infogripe-casos-graves-de-influenza-e-covid-19-aumentam-em-alguns-estados\" rel=\"nofollow noopener\" target=\"_blank\">Fonte: Fiocruz<\/a><\/p>\n<p>Ano epidemiol\u00f3gico<\/p>\n<p>Ao longo do ano epidemiol\u00f3gico de 2025, o v\u00edrus sincicial respirat\u00f3rio (VSR) \u00e9 o agente mais detectado entre os casos com resultado laboratorial positivo, seguido por rinov\u00edrus e influenza A.<\/p>\n<p>&#13;<br \/>\n\t&#13;<\/p>\n<tr>&#13;<br \/>\n\t\t\tV\u00edrus&#13;<br \/>\n\t\t\tPreval\u00eancia (%)&#13;<br \/>\n\t\t<\/tr>\n<p>&#13;<\/p>\n<tr>&#13;<\/p>\n<td>V\u00edrus Sincicial Respirat\u00f3rio (VSR)<\/td>\n<p>&#13;<\/p>\n<td>42,1%<\/td>\n<p>&#13;<br \/>\n\t\t<\/tr>\n<p>&#13;<\/p>\n<tr>&#13;<\/p>\n<td>Rinov\u00edrus<\/td>\n<p>&#13;<\/p>\n<td>27,4%<\/td>\n<p>&#13;<br \/>\n\t\t<\/tr>\n<p>&#13;<\/p>\n<tr>&#13;<\/p>\n<td>Influenza A<\/td>\n<p>&#13;<\/p>\n<td>23,3%<\/td>\n<p>&#13;<br \/>\n\t\t<\/tr>\n<p>&#13;<\/p>\n<tr>&#13;<\/p>\n<td>Sars-CoV-2 (Covid-19)<\/td>\n<p>&#13;<\/p>\n<td>7,9%<\/td>\n<p>&#13;<br \/>\n\t\t<\/tr>\n<p>&#13;<\/p>\n<tr>&#13;<\/p>\n<td>Influenza B<\/td>\n<p>&#13;<\/p>\n<td>1,2%<\/td>\n<p>&#13;<br \/>\n\t\t<\/tr>\n<p>&#13;<br \/>\n\t&#13;<\/p>\n<p><a href=\"https:\/\/agencia.fiocruz.br\/infogripe-casos-graves-de-influenza-e-covid-19-aumentam-em-alguns-estados\" rel=\"nofollow noopener\" target=\"_blank\">Fonte: Fiocruz<\/a><\/p>\n<p>No mesmo recorte temporal, j\u00e1 foram contabilizadas mais de 11 mil mortes. Desse total, 51,6% tiveram confirma\u00e7\u00e3o laboratorial para algum v\u00edrus respirat\u00f3rio, com destaque para a influenza A, principal agente identificado.<\/p>\n<p>&#13;<br \/>\n\t&#13;<\/p>\n<tr>&#13;<br \/>\n\t\t\tV\u00edrus&#13;<br \/>\n\t\t\tPreval\u00eancia (%)&#13;<br \/>\n\t\t<\/tr>\n<p>&#13;<\/p>\n<tr>&#13;<\/p>\n<td>Influenza A<\/td>\n<p>&#13;<\/p>\n<td>50,3%<\/td>\n<p>&#13;<br \/>\n\t\t<\/tr>\n<p>&#13;<\/p>\n<tr>&#13;<\/p>\n<td>Sars-CoV-2 (Covid-19)<\/td>\n<p>&#13;<\/p>\n<td>23%<\/td>\n<p>&#13;<br \/>\n\t\t<\/tr>\n<p>&#13;<\/p>\n<tr>&#13;<\/p>\n<td>Rinov\u00edrus<\/td>\n<p>&#13;<\/p>\n<td>14%<\/td>\n<p>&#13;<br \/>\n\t\t<\/tr>\n<p>&#13;<\/p>\n<tr>&#13;<\/p>\n<td>V\u00edrus Sincicial Respirat\u00f3rio (VSR)<\/td>\n<p>&#13;<\/p>\n<td>11,8%<\/td>\n<p>&#13;<br \/>\n\t\t<\/tr>\n<p>&#13;<\/p>\n<tr>&#13;<\/p>\n<td>Influenza B<\/td>\n<p>&#13;<\/p>\n<td>1,8%<\/td>\n<p>&#13;<br \/>\n\t\t<\/tr>\n<p>&#13;<br \/>\n\t&#13;<\/p>\n<p><a href=\"https:\/\/agencia.fiocruz.br\/infogripe-casos-graves-de-influenza-e-covid-19-aumentam-em-alguns-estados\" rel=\"nofollow noopener\" target=\"_blank\">Fonte: Fiocruz<\/a><\/p>\n<p><strong>VEJA MAIS:<\/strong><\/p>\n","protected":false},"excerpt":{"rendered":"A \u00faltima atualiza\u00e7\u00e3o do Boletim InfoGripe da Fiocruz, divulgada nesta quinta-feira (16), aponta avan\u00e7o dos casos de S\u00edndrome&hellip;\n","protected":false},"author":2,"featured_media":116985,"comment_status":"","ping_status":"","sticky":false,"template":"","format":"standard","meta":{"footnotes":""},"categories":[86],"tags":[1430,1425,1420,1419,1427,1426,1422,1424,1421,1423,2641,1418,116,2850,1428,52,32,1429,33,117,2820],"class_list":{"0":"post-116984","1":"post","2":"type-post","3":"status-publish","4":"format-standard","5":"has-post-thumbnail","7":"category-saude","8":"tag-agronegocios","9":"tag-audio-para-radio","10":"tag-brasi-61","11":"tag-brasil61","12":"tag-brasilia","13":"tag-congresso","14":"tag-conteudo-para-blog","15":"tag-conteudo-para-gratuito","16":"tag-conteudo-para-radios","17":"tag-conteudo-para-site","18":"tag-covid-19","19":"tag-gripe","20":"tag-health","21":"tag-influenza","22":"tag-jornalismo","23":"tag-politica","24":"tag-portugal","25":"tag-previsao-do-tempo","26":"tag-pt","27":"tag-saude","28":"tag-vacinacao"},"share_on_mastodon":{"url":"","error":""},"_links":{"self":[{"href":"https:\/\/www.europesays.com\/pt\/wp-json\/wp\/v2\/posts\/116984","targetHints":{"allow":["GET"]}}],"collection":[{"href":"https:\/\/www.europesays.com\/pt\/wp-json\/wp\/v2\/posts"}],"about":[{"href":"https:\/\/www.europesays.com\/pt\/wp-json\/wp\/v2\/types\/post"}],"author":[{"embeddable":true,"href":"https:\/\/www.europesays.com\/pt\/wp-json\/wp\/v2\/users\/2"}],"replies":[{"embeddable":true,"href":"https:\/\/www.europesays.com\/pt\/wp-json\/wp\/v2\/comments?post=116984"}],"version-history":[{"count":0,"href":"https:\/\/www.europesays.com\/pt\/wp-json\/wp\/v2\/posts\/116984\/revisions"}],"wp:featuredmedia":[{"embeddable":true,"href":"https:\/\/www.europesays.com\/pt\/wp-json\/wp\/v2\/media\/116985"}],"wp:attachment":[{"href":"https:\/\/www.europesays.com\/pt\/wp-json\/wp\/v2\/media?parent=116984"}],"wp:term":[{"taxonomy":"category","embeddable":true,"href":"https:\/\/www.europesays.com\/pt\/wp-json\/wp\/v2\/categories?post=116984"},{"taxonomy":"post_tag","embeddable":true,"href":"https:\/\/www.europesays.com\/pt\/wp-json\/wp\/v2\/tags?post=116984"}],"curies":[{"name":"wp","href":"https:\/\/api.w.org\/{rel}","templated":true}]}}