{"id":117016,"date":"2025-10-19T08:47:15","date_gmt":"2025-10-19T08:47:15","guid":{"rendered":"https:\/\/www.europesays.com\/pt\/117016\/"},"modified":"2025-10-19T08:47:15","modified_gmt":"2025-10-19T08:47:15","slug":"marco-silva-perto-de-mudar-de-clube-na-premier-league-por-15-milhoes-de-euros","status":"publish","type":"post","link":"https:\/\/www.europesays.com\/pt\/117016\/","title":{"rendered":"Marco Silva perto de mudar de clube na Premier League por 15 milh\u00f5es de euros"},"content":{"rendered":"<p>&#8211; Advertisement &#8211;<\/p>\n<p><strong>Marco Silva est\u00e1 perto de mudar de clube na Premier League, preparando-se para rumar ao Nottingham Forest.<\/strong><\/p>\n<p>O Nottingham Forest est\u00e1 disposto a pagar a cl\u00e1usula de rescis\u00e3o de 15 milh\u00f5es de euros para garantir Marco Silva para o comando da equipa principal. A informa\u00e7\u00e3o est\u00e1 a ser avan\u00e7ada pelo jornal A Bola, que indica que o t\u00e9cnico do Fulham \u00e9 o grande alvo do conjunto do City Ground.<\/p>\n<p>Esta n\u00e3o \u00e9 a primeira vez que Marco Silva est\u00e1 referenciado pelo Nottingham Forest, que j\u00e1 desejava o luso na altura em que demitiu Nuno Esp\u00edrito Santo, mas o luso preferiu manter-se por Londres, situa\u00e7\u00e3o distinta da que se vive atualmente.<\/p>\n<p>Marco Silva est\u00e1 a cumprir a sua quina temporada no Fulham. O t\u00e9cnico j\u00e1 se cruzou com Evangelos Marinakis no Olympiacos. Recordar que o Nottingham Forest <a href=\"https:\/\/bolanarede.pt\/especial-bola-na-rede\/atualidade\/ange-postecoglou-despedido-pelo-nottingham-forest-menos-de-30-minutos-depois-de-nova-derrota-e-nao-se-sabe-quem-estara-no-banco-contra-o-fc-porto\/\" target=\"_blank\" rel=\"noreferrer noopener nofollow\">despediu Ange Postecoglou durante este s\u00e1bado<\/a> e \u00e9 o pr\u00f3ximo oponente do FC Porto na Europa League. <\/p>\n","protected":false},"excerpt":{"rendered":"&#8211; Advertisement &#8211; Marco Silva est\u00e1 perto de mudar de clube na Premier League, preparando-se para rumar ao&hellip;\n","protected":false},"author":2,"featured_media":117017,"comment_status":"","ping_status":"","sticky":false,"template":"","format":"standard","meta":{"footnotes":""},"categories":[8],"tags":[260,27,28,478,15,16,3362,14,25,26,21,22,3363,12,13,19,20,1527,32,23,24,33,17,18,29,30,31],"class_list":{"0":"post-117016","1":"post","2":"type-post","3":"status-publish","4":"format-standard","5":"has-post-thumbnail","7":"category-principais-noticias","8":"tag-atualidade","9":"tag-breaking-news","10":"tag-breakingnews","11":"tag-destaques-bnr","12":"tag-featured-news","13":"tag-featurednews","14":"tag-fulham","15":"tag-headlines","16":"tag-latest-news","17":"tag-latestnews","18":"tag-main-news","19":"tag-mainnews","20":"tag-marco-silva","21":"tag-news","22":"tag-noticias","23":"tag-noticias-principais","24":"tag-noticiasprincipais","25":"tag-nottingham-forest","26":"tag-portugal","27":"tag-principais-noticias","28":"tag-principaisnoticias","29":"tag-pt","30":"tag-top-stories","31":"tag-topstories","32":"tag-ultimas","33":"tag-ultimas-noticias","34":"tag-ultimasnoticias"},"share_on_mastodon":{"url":"","error":""},"_links":{"self":[{"href":"https:\/\/www.europesays.com\/pt\/wp-json\/wp\/v2\/posts\/117016","targetHints":{"allow":["GET"]}}],"collection":[{"href":"https:\/\/www.europesays.com\/pt\/wp-json\/wp\/v2\/posts"}],"about":[{"href":"https:\/\/www.europesays.com\/pt\/wp-json\/wp\/v2\/types\/post"}],"author":[{"embeddable":true,"href":"https:\/\/www.europesays.com\/pt\/wp-json\/wp\/v2\/users\/2"}],"replies":[{"embeddable":true,"href":"https:\/\/www.europesays.com\/pt\/wp-json\/wp\/v2\/comments?post=117016"}],"version-history":[{"count":0,"href":"https:\/\/www.europesays.com\/pt\/wp-json\/wp\/v2\/posts\/117016\/revisions"}],"wp:featuredmedia":[{"embeddable":true,"href":"https:\/\/www.europesays.com\/pt\/wp-json\/wp\/v2\/media\/117017"}],"wp:attachment":[{"href":"https:\/\/www.europesays.com\/pt\/wp-json\/wp\/v2\/media?parent=117016"}],"wp:term":[{"taxonomy":"category","embeddable":true,"href":"https:\/\/www.europesays.com\/pt\/wp-json\/wp\/v2\/categories?post=117016"},{"taxonomy":"post_tag","embeddable":true,"href":"https:\/\/www.europesays.com\/pt\/wp-json\/wp\/v2\/tags?post=117016"}],"curies":[{"name":"wp","href":"https:\/\/api.w.org\/{rel}","templated":true}]}}