{"id":117032,"date":"2025-10-19T09:05:28","date_gmt":"2025-10-19T09:05:28","guid":{"rendered":"https:\/\/www.europesays.com\/pt\/117032\/"},"modified":"2025-10-19T09:05:28","modified_gmt":"2025-10-19T09:05:28","slug":"gerente-da-polemica-com-padre-fabio-de-melo-vai-lancar-livro","status":"publish","type":"post","link":"https:\/\/www.europesays.com\/pt\/117032\/","title":{"rendered":"Gerente da pol\u00eamica com padre F\u00e1bio de Melo vai lan\u00e7ar livro"},"content":{"rendered":"<p>  <img class=\"content-first-image size-full wp-image-2687984\" loading=\"eager\" decoding=\"sync\" fetchpriority=\"high\" src=\"https:\/\/www.europesays.com\/pt\/wp-content\/uploads\/2025\/10\/padrao-wordpress-nd-2025-10-16t195110415.jpg\" alt=\"Jair aguiar escreveu uma autobiografiaFoto: Divulga\u00e7\u00e3o\/ND\" width=\"1200\" height=\"800\"  \/>Jair aguiar escreveu uma autobiografiaFoto: Divulga\u00e7\u00e3o\/ND<\/p>\n<p>Jair Aguiar Rosa, o ex-gerente envolvido <a href=\"https:\/\/ndmais.com.br\/cidadania\/padre-fabio-de-melo-critica-atendimento-de-loja-em-joinville\/\" rel=\"nofollow noopener\" target=\"_blank\">no caso Padre F\u00e1bio de Melo em Joinville<\/a>, no Norte Catarinense, se prepara para lan\u00e7ar um livro. Uma autobiografia intitulada \u201cEntre aus\u00eancia e presen\u00e7as: mem\u00f3rias de inf\u00e2ncia e recome\u00e7os\u201d.<\/p>\n<p>O nome de Jair repercutiu ap\u00f3s uma publica\u00e7\u00e3o do religioso onde ele afirmava que teria sido mau atendido, ap\u00f3s apontar um erro no pre\u00e7o da cafeteria onde Jair era gerente. Fato que foi negado pelo envolvido, na \u00e9poca.<\/p>\n<p>Segundo Jair, ele come\u00e7ou a escrever o livro h\u00e1 10 anos, em diferentes momentos da sua vida. Mas, ap\u00f3s a pol\u00eamica ficou afastado do trabalho por recomenda\u00e7\u00e3o m\u00e9dica e finalizou.<\/p>\n<p><a class=\"cta-discover d-flex justify-content-between align-items-center w-100\" target=\"_blank\" rel=\"nofollow noopner noopener\" href=\"https:\/\/profile.google.com\/cp\/Cg0vZy8xMXZ5cjY4NHho\">   Fa\u00e7a como milh\u00f5es de leitores informados: siga o ND Mais no Google.  Seguir<\/a> <\/p>\n<p>\u201cA escrita do livro tamb\u00e9m nasceu desse processo de cura, foi a forma que encontrei de transformar dor em algo construtivo\u201d, contou ao portal <strong>ND Mais<\/strong>.<\/p>\n<p>O livro retrata sua trajet\u00f3ria de vida. Para ele, representa um momento de cura, f\u00e9 e coragem. \u201cN\u00e3o apenas da minha pr\u00f3pria hist\u00f3ria, mas \u00e9 um convite para que cada um encontre for\u00e7as para recome\u00e7ar.\u201d<\/p>\n<p>Jair ainda est\u00e1 em busca de recursos para publicar o livro. \u201cTenho f\u00e9 que no tempo certo o livro vai chegar \u00e0s m\u00e3os das pessoas que precisam da mensagem que ele carrega\u201d, disse.<\/p>\n<p>Relembre a pol\u00eamica que envolveu o ex-gerente e o padre F\u00e1bio de Melo<\/p>\n<p>O epis\u00f3dio ocorreu durante uma visita do religioso a Joinville, no Norte catarinense, onde participou de um show. F\u00e1bio de Melo relatou em v\u00eddeo nas redes sociais que tentou comprar dois potes de doce de leite sem a\u00e7\u00facar com pre\u00e7o marcado na prateleira, mas que, no caixa, o valor cobrado era maior.<\/p>\n<p>Segundo ele, ao apontar o erro, foi tratado com \u201cprepot\u00eancia\u201d por um gerente da loja Havanna. De acordo com o padre, uma funcion\u00e1ria confirmou a diverg\u00eancia nos pre\u00e7os. \u201cO gerente j\u00e1 se adiantou em ser extremamente deselegante, dizendo: \u2018O pre\u00e7o est\u00e1 errado e, se quiser levar, o pre\u00e7o certo \u00e9 este\u2019\u201d, afirmou.<\/p>\n<p>\u201cJamais desrespeitei o padre\u201d, diz ex-gerente<\/p>\n<p>Na \u00e9poca do ocorrido, Jair disse que atendimento teria sido feito por outra funcion\u00e1ria e n\u00e3o houve intera\u00e7\u00e3o direta com o padre ou membros da equipe. \u201cToda a situa\u00e7\u00e3o foi tratada por outra colaboradora\u201d, disse ele.<\/p>\n<p>Ainda, afimou que \u201cjamais desrespeitou o padre F\u00e1bio de Melo ou qualquer pessoa de sua equipe.\u201d A Havanna, cafeteria onde trabalhava, desligou o funcion\u00e1rio na \u00e9poca do caso.<\/p>\n<p>Imagens de c\u00e2meras de seguran\u00e7a flagraram o padre na cafeteria em Joinville<\/p>\n<p class=\"ndmais-content-video-caption\">V\u00eddeo mostra momento do atendimento do Padre F\u00e1bio de Melo na loja Havanna \u2013 V\u00eddeo: Reprodu\u00e7\u00e3o\/ND<\/p>\n","protected":false},"excerpt":{"rendered":"Jair aguiar escreveu uma autobiografiaFoto: Divulga\u00e7\u00e3o\/ND Jair Aguiar Rosa, o ex-gerente envolvido no caso Padre F\u00e1bio de Melo&hellip;\n","protected":false},"author":2,"featured_media":117033,"comment_status":"","ping_status":"","sticky":false,"template":"","format":"standard","meta":{"footnotes":""},"categories":[143],"tags":[169,1403,114,115,14021,170,1968,2250,32,33],"class_list":{"0":"post-117032","1":"post","2":"type-post","3":"status-publish","4":"format-standard","5":"has-post-thumbnail","7":"category-livros","8":"tag-books","9":"tag-comportamento","10":"tag-entertainment","11":"tag-entretenimento","12":"tag-joinville","13":"tag-livros","14":"tag-notcia","15":"tag-notcia-santa-catarina","16":"tag-portugal","17":"tag-pt"},"share_on_mastodon":{"url":"","error":""},"_links":{"self":[{"href":"https:\/\/www.europesays.com\/pt\/wp-json\/wp\/v2\/posts\/117032","targetHints":{"allow":["GET"]}}],"collection":[{"href":"https:\/\/www.europesays.com\/pt\/wp-json\/wp\/v2\/posts"}],"about":[{"href":"https:\/\/www.europesays.com\/pt\/wp-json\/wp\/v2\/types\/post"}],"author":[{"embeddable":true,"href":"https:\/\/www.europesays.com\/pt\/wp-json\/wp\/v2\/users\/2"}],"replies":[{"embeddable":true,"href":"https:\/\/www.europesays.com\/pt\/wp-json\/wp\/v2\/comments?post=117032"}],"version-history":[{"count":0,"href":"https:\/\/www.europesays.com\/pt\/wp-json\/wp\/v2\/posts\/117032\/revisions"}],"wp:featuredmedia":[{"embeddable":true,"href":"https:\/\/www.europesays.com\/pt\/wp-json\/wp\/v2\/media\/117033"}],"wp:attachment":[{"href":"https:\/\/www.europesays.com\/pt\/wp-json\/wp\/v2\/media?parent=117032"}],"wp:term":[{"taxonomy":"category","embeddable":true,"href":"https:\/\/www.europesays.com\/pt\/wp-json\/wp\/v2\/categories?post=117032"},{"taxonomy":"post_tag","embeddable":true,"href":"https:\/\/www.europesays.com\/pt\/wp-json\/wp\/v2\/tags?post=117032"}],"curies":[{"name":"wp","href":"https:\/\/api.w.org\/{rel}","templated":true}]}}