{"id":117042,"date":"2025-10-19T09:14:07","date_gmt":"2025-10-19T09:14:07","guid":{"rendered":"https:\/\/www.europesays.com\/pt\/117042\/"},"modified":"2025-10-19T09:14:07","modified_gmt":"2025-10-19T09:14:07","slug":"nao-penso-dar-lhes-dinheiro-jovem-herdou-840-mil-euros-e-duas-casas-e-recusa-partilhar-com-os-pais","status":"publish","type":"post","link":"https:\/\/www.europesays.com\/pt\/117042\/","title":{"rendered":"&#8220;N\u00e3o penso dar-lhes dinheiro&#8221;: jovem herdou 840 mil euros e duas casas e recusa partilhar com os pais"},"content":{"rendered":"<p><strong>Receber uma heran\u00e7a costuma ser motivo de alegria e, por vezes, de partilha. Mas nem sempre \u00e9 assim. Uma jovem de 18 anos, dos Estados Unidos, decidiu n\u00e3o dar um c\u00eantimo da fortuna herdada aos pais, alegando ter sido v\u00edtima de maus-tratos e exclus\u00e3o familiar. <\/strong><\/p>\n<p>A hist\u00f3ria foi revelada por v\u00e1rias publica\u00e7\u00f5es internacionais e, segundo o Not\u00edcias Trabajo, site espanhol especializado em assuntos laborais, teve origem num desabafo partilhado pela pr\u00f3pria na rede social Reddit.<\/p>\n<p>A jovem herdou 840 mil euros e duas casas dos av\u00f3s, um valor que mudou completamente a sua vida. No entanto, em vez de partilhar a riqueza com a m\u00e3e e o padrasto, como esperavam, deixou claro que \u201cn\u00e3o pensa repartir\u201d o dinheiro com quem, durante anos, \u201ca tratou mal e a fez sentir indesejada\u201d.<\/p>\n<p class=\"has-medium-font-size\"><strong>A origem do conflito familiar<\/strong><\/p>\n<p>De acordo com o Not\u00edcias Trabajo, a jovem explicou que a m\u00e3e, de 38 anos, casou-se com um homem de 50 que j\u00e1 tinha tr\u00eas filhos de uma rela\u00e7\u00e3o anterior. Com o tempo, o casal teve mais dois filhos, formando uma nova fam\u00edlia onde ela nunca se sentiu integrada.<\/p>\n<p>\u201cNunca me trataram bem em casa\u201d, escreveu na publica\u00e7\u00e3o. Com o passar dos anos, a rela\u00e7\u00e3o deteriorou-se ainda mais. <\/p>\n<p>O padrasto chegou a ser detido e, ap\u00f3s esse epis\u00f3dio, a fam\u00edlia enfrentou dificuldades financeiras. \u201cViv\u00edamos com o m\u00ednimo, t\u00ednhamos apenas o suficiente para comer e pagar o b\u00e1sico\u201d, descreveu.<\/p>\n<p>Apesar do contexto dif\u00edcil, a jovem afirma que o comportamento dos pais nunca mudou. Sentia-se ignorada, alvo de cr\u00edticas constantes e sem o apoio emocional que esperava da m\u00e3e.<\/p>\n<p class=\"has-medium-font-size\"><strong>Uma heran\u00e7a que mudou tudo<\/strong><\/p>\n<p>A situa\u00e7\u00e3o deu uma reviravolta quando os av\u00f3s, com quem sempre manteve uma rela\u00e7\u00e3o pr\u00f3xima, faleceram e deixaram-lhe a totalidade da heran\u00e7a. <\/p>\n<p>Segundo o Not\u00edcias Trabajo, os pais ficaram surpreendidos ao saber que a jovem tinha recebido quase um milh\u00e3o de euros e duas propriedades, e pediram-lhe ajuda econ\u00f3mica.<\/p>\n<p>Mas a resposta foi imediata: \u201cN\u00e3o penso dar-lhes dinheiro. Nunca se preocuparam comigo, agora n\u00e3o vou sustentar ningu\u00e9m.\u201d A decis\u00e3o dividiu opini\u00f5es nas redes sociais, com alguns utilizadores a elogiarem a sua firmeza e outros a considerarem a atitude \u201cdemasiado fria\u201d.<\/p>\n<p class=\"has-medium-font-size\"><strong>O debate moral nas redes sociais<\/strong><\/p>\n<p>O caso gerou milhares de coment\u00e1rios em plataformas como Reddit e X (antigo Twitter), onde muitos internautas refletiram sobre at\u00e9 que ponto algu\u00e9m deve sentir-se obrigado a ajudar familiares que o maltrataram.<\/p>\n<p>Segundo o <a href=\"https:\/\/noticiastrabajo.huffingtonpost.es\/\" target=\"_blank\" rel=\"noreferrer noopener nofollow\">Not\u00edcias Trabajo<\/a>, a jovem reafirmou que a decis\u00e3o n\u00e3o tem a ver com vingan\u00e7a, mas sim com o desejo de se proteger. \u201cQuero usar este dinheiro para construir a minha vida, longe de pessoas que me fizeram mal\u201d, afirmou.<\/p>\n<p><strong>Leia tamb\u00e9m:\u00a0<a href=\"https:\/\/postal.pt\/nacional\/adeus-carta-de-conducao-condutores-desta-idade-nao-podem-renovar-a-carta-sem-apresentar-este-documento-e-nao-e-o-cc\/\" rel=\"nofollow noopener\" target=\"_blank\">Adeus carta de condu\u00e7\u00e3o? Condutores desta idade n\u00e3o podem renovar a carta sem apresentar este documento (e n\u00e3o \u00e9 o CC)<\/a><\/strong><\/p>\n","protected":false},"excerpt":{"rendered":"Receber uma heran\u00e7a costuma ser motivo de alegria e, por vezes, de partilha. Mas nem sempre \u00e9 assim.&hellip;\n","protected":false},"author":2,"featured_media":117043,"comment_status":"","ping_status":"","sticky":false,"template":"","format":"standard","meta":{"footnotes":""},"categories":[50],"tags":[27,28,15,16,14,25,26,21,22,62,12,13,19,20,23,24,17,18,29,30,31,63,64,65],"class_list":{"0":"post-117042","1":"post","2":"type-post","3":"status-publish","4":"format-standard","5":"has-post-thumbnail","7":"category-mundo","8":"tag-breaking-news","9":"tag-breakingnews","10":"tag-featured-news","11":"tag-featurednews","12":"tag-headlines","13":"tag-latest-news","14":"tag-latestnews","15":"tag-main-news","16":"tag-mainnews","17":"tag-mundo","18":"tag-news","19":"tag-noticias","20":"tag-noticias-principais","21":"tag-noticiasprincipais","22":"tag-principais-noticias","23":"tag-principaisnoticias","24":"tag-top-stories","25":"tag-topstories","26":"tag-ultimas","27":"tag-ultimas-noticias","28":"tag-ultimasnoticias","29":"tag-world","30":"tag-world-news","31":"tag-worldnews"},"share_on_mastodon":{"url":"","error":""},"_links":{"self":[{"href":"https:\/\/www.europesays.com\/pt\/wp-json\/wp\/v2\/posts\/117042","targetHints":{"allow":["GET"]}}],"collection":[{"href":"https:\/\/www.europesays.com\/pt\/wp-json\/wp\/v2\/posts"}],"about":[{"href":"https:\/\/www.europesays.com\/pt\/wp-json\/wp\/v2\/types\/post"}],"author":[{"embeddable":true,"href":"https:\/\/www.europesays.com\/pt\/wp-json\/wp\/v2\/users\/2"}],"replies":[{"embeddable":true,"href":"https:\/\/www.europesays.com\/pt\/wp-json\/wp\/v2\/comments?post=117042"}],"version-history":[{"count":0,"href":"https:\/\/www.europesays.com\/pt\/wp-json\/wp\/v2\/posts\/117042\/revisions"}],"wp:featuredmedia":[{"embeddable":true,"href":"https:\/\/www.europesays.com\/pt\/wp-json\/wp\/v2\/media\/117043"}],"wp:attachment":[{"href":"https:\/\/www.europesays.com\/pt\/wp-json\/wp\/v2\/media?parent=117042"}],"wp:term":[{"taxonomy":"category","embeddable":true,"href":"https:\/\/www.europesays.com\/pt\/wp-json\/wp\/v2\/categories?post=117042"},{"taxonomy":"post_tag","embeddable":true,"href":"https:\/\/www.europesays.com\/pt\/wp-json\/wp\/v2\/tags?post=117042"}],"curies":[{"name":"wp","href":"https:\/\/api.w.org\/{rel}","templated":true}]}}