{"id":117044,"date":"2025-10-19T09:15:33","date_gmt":"2025-10-19T09:15:33","guid":{"rendered":"https:\/\/www.europesays.com\/pt\/117044\/"},"modified":"2025-10-19T09:15:33","modified_gmt":"2025-10-19T09:15:33","slug":"russia-e-o-terceiro-pais-com-mais-vistos-gold-autorizados-em-portugal","status":"publish","type":"post","link":"https:\/\/www.europesays.com\/pt\/117044\/","title":{"rendered":"R\u00fassia \u00e9 o terceiro pa\u00eds com mais vistos gold autorizados em Portugal"},"content":{"rendered":"<p>Os vistos gold estiveram impedidos a todos portadores de passaporte russo devido \u00e0s san\u00e7\u00f5es europeias impostas a Moscovo na sequ\u00eancia da invas\u00e3o militar da Ucr\u00e2nia, que teve in\u00edcio a 24 de fevereiro de 2022. No entanto, e depois de uma informa\u00e7\u00e3o do Governo a Bruxelas nesse sentido, a AIMA retomou-os em agosto do ano passado, ent\u00e3o j\u00e1 como ARI. A decis\u00e3o aconteceu depois de queixas de cidad\u00e3os russos junto de inst\u00e2ncias judiciais europeias.<\/p>\n<p data-remotead-prev-elm=\"true\" data-remotead-elm-id=\"inread\">&#8220;Alegaram que os pa\u00edses que aplicaram san\u00e7\u00f5es violavam o direito fundamental de livre circula\u00e7\u00e3o. E, tamb\u00e9m, que estavam a corresponsabilizados por atos de guerra que n\u00e3o lhe eram imput\u00e1veis&#8221;, explica, ao JN, o advogado Pedro Madeira Froufe, professor da Escola de Direito da Universidade do Minho. Ou seja, os queixosos entenderam que n\u00e3o deveriam estar sujeitos \u00e0s mesmas consequ\u00eancias das que foram determinadas a elementos ligados \u00e0 c\u00fapula pr\u00f3xima do presidente russo, Vladimir Putin. &#8220;Os tribunais acabaram por lhes dar raz\u00e3o e a decis\u00e3o de Portugal n\u00e3o pode ser descontextualizada disso mesmo&#8221;, assinala o especialista.<\/p>\n<p>Acesso exclusivo a assinantes<\/p>\n<p>Acesso ilimitado a conte\u00fados exclusivos<\/p>\n<p>Navega\u00e7\u00e3o sem publicidade intrusiva<\/p>\n<p>Vers\u00e3o digital do jornal, suplementos e revistas<\/p>\n","protected":false},"excerpt":{"rendered":"Os vistos gold estiveram impedidos a todos portadores de passaporte russo devido \u00e0s san\u00e7\u00f5es europeias impostas a Moscovo&hellip;\n","protected":false},"author":2,"featured_media":117045,"comment_status":"","ping_status":"","sticky":false,"template":"","format":"standard","meta":{"footnotes":""},"categories":[10],"tags":[27,28,15,16,14,25,26,21,22,619,12,13,19,20,32,23,24,33,839,17,18,29,30,31,27410],"class_list":{"0":"post-117044","1":"post","2":"type-post","3":"status-publish","4":"format-standard","5":"has-post-thumbnail","7":"category-portugal","8":"tag-breaking-news","9":"tag-breakingnews","10":"tag-featured-news","11":"tag-featurednews","12":"tag-headlines","13":"tag-latest-news","14":"tag-latestnews","15":"tag-main-news","16":"tag-mainnews","17":"tag-nacional","18":"tag-news","19":"tag-noticias","20":"tag-noticias-principais","21":"tag-noticiasprincipais","22":"tag-portugal","23":"tag-principais-noticias","24":"tag-principaisnoticias","25":"tag-pt","26":"tag-russia","27":"tag-top-stories","28":"tag-topstories","29":"tag-ultimas","30":"tag-ultimas-noticias","31":"tag-ultimasnoticias","32":"tag-vistos-gold"},"share_on_mastodon":{"url":"","error":""},"_links":{"self":[{"href":"https:\/\/www.europesays.com\/pt\/wp-json\/wp\/v2\/posts\/117044","targetHints":{"allow":["GET"]}}],"collection":[{"href":"https:\/\/www.europesays.com\/pt\/wp-json\/wp\/v2\/posts"}],"about":[{"href":"https:\/\/www.europesays.com\/pt\/wp-json\/wp\/v2\/types\/post"}],"author":[{"embeddable":true,"href":"https:\/\/www.europesays.com\/pt\/wp-json\/wp\/v2\/users\/2"}],"replies":[{"embeddable":true,"href":"https:\/\/www.europesays.com\/pt\/wp-json\/wp\/v2\/comments?post=117044"}],"version-history":[{"count":0,"href":"https:\/\/www.europesays.com\/pt\/wp-json\/wp\/v2\/posts\/117044\/revisions"}],"wp:featuredmedia":[{"embeddable":true,"href":"https:\/\/www.europesays.com\/pt\/wp-json\/wp\/v2\/media\/117045"}],"wp:attachment":[{"href":"https:\/\/www.europesays.com\/pt\/wp-json\/wp\/v2\/media?parent=117044"}],"wp:term":[{"taxonomy":"category","embeddable":true,"href":"https:\/\/www.europesays.com\/pt\/wp-json\/wp\/v2\/categories?post=117044"},{"taxonomy":"post_tag","embeddable":true,"href":"https:\/\/www.europesays.com\/pt\/wp-json\/wp\/v2\/tags?post=117044"}],"curies":[{"name":"wp","href":"https:\/\/api.w.org\/{rel}","templated":true}]}}