{"id":117048,"date":"2025-10-19T09:21:11","date_gmt":"2025-10-19T09:21:11","guid":{"rendered":"https:\/\/www.europesays.com\/pt\/117048\/"},"modified":"2025-10-19T09:21:11","modified_gmt":"2025-10-19T09:21:11","slug":"lucia-eneida-lanca-livro-muito-alem-do-espelho-potiguar-noticias","status":"publish","type":"post","link":"https:\/\/www.europesays.com\/pt\/117048\/","title":{"rendered":"L\u00facia Eneida lan\u00e7a livro \u201cMuito al\u00e9m do Espelho\u201d \u2013 Potiguar Not\u00edcias"},"content":{"rendered":"<p>Ap\u00f3s sucesso de Ba\u00eda, a escritora L\u00facia Eneida lan\u00e7a livro de novela rom\u00e2ntica que rememora a vida cultural da cidade de Natal ao longo de meio s\u00e9culo.<\/p>\n<p>A obra ser\u00e1 lan\u00e7ada hoje, 17 de outubro, no Pal\u00e1cio da Cultura (Pinacoteca de Natal), a Partir das 17h e contar\u00e1 com a presen\u00e7a de importantes escritores da Literatura Potiguar.<\/p>\n<p>\u201cMuito al\u00e9m do Espelho\u201d \u00e9 um livro feminino e feminista escrito para mulheres que tem como personagem principal uma mulher escritora.<\/p>\n<p>Feito por mulher, dirigido \u00e0s mulheres e homenageando \u00e0s mulheres poetas potiguares com poemas delas em ep\u00edgrafes, abrindo cada cap\u00edtulo do livro. O livro foi publicado pelo Selo Editorial da SPVA e teve a apresenta\u00e7\u00e3o e o pref\u00e1cio escritos por mulheres escritoras: Anchella Monte e Ad\u00e9lia Costa, respectivamente.<\/p>\n<p>O livro envolve fic\u00e7\u00e3o em paisagens marcantes da cidade de Natal ao longo de meio s\u00e9culo.<br \/>Nele, o leitor ter\u00e1 oportunidade de conhecer os cen\u00e1rios e costumes, a ascens\u00e3o cultural da cidade, a evolu\u00e7\u00e3o do papel da mulher na sociedade natalense, o livro como espa\u00e7o para o exerc\u00edcio da liberdade, a cria\u00e7\u00e3o da TELERN, o Grande Ponto, a import\u00e2ncia da leitura , da educa\u00e7\u00e3o e da literatura, o combate ao etarismo; tudo isso tendo o amor como fio condutor.<\/p>\n<p>Durante o lan\u00e7amento, as pessoas presentes ser\u00e3o agraciadas com a excel\u00eancia vocal e a versatilidade da cantora Amanda Mathilde que cantar\u00e1 m\u00fasicas citadas no livro.<br \/>L\u00facia Eneida Ferreira<br \/>Escritora potiguar, feminista e ativista do movimento liter\u00e1rio, Eneida \u00e9 escritora, poeta e atriz potiguar. Escreveu livros de contos, infantil, biografia de Maria Queiroz Ba\u00eda e poemas.<br \/>Faz parte da gest\u00e3o da Sociedade dos Poetas Vivos e Afins do RN (SPVA) e participa do Mulherio das Letras, UBE e ALAMP.<br \/>\u00c9 atriz do grupo Boca de Cena que, em junho de 2024, apresentou \u201cBonita o amor de Lampi\u00e3o\u201d no TAM.<\/p>\n<p><strong>Lan\u00e7amento: \u201cMuito Al\u00e9m do Espelho\u201d<br \/><\/strong>Data: 17 de outubro<br \/>Local: Pal\u00e1cio da Cultura \u2013 Pinacoteca \u2013 Pra\u00e7a Sete de setembro \u2013 Cidade Alta<br \/>Hor\u00e1rio: a partir das 17h (HOJE)<br \/>Atra\u00e7\u00e3o Musical: Amanda Mathilde<br \/>Arte: Jos\u00e9 \u00c1glio<\/p>\n<p>&#13;<br \/>\n  &#13;<\/p>\n","protected":false},"excerpt":{"rendered":"Ap\u00f3s sucesso de Ba\u00eda, a escritora L\u00facia Eneida lan\u00e7a livro de novela rom\u00e2ntica que rememora a vida cultural&hellip;\n","protected":false},"author":2,"featured_media":117049,"comment_status":"","ping_status":"","sticky":false,"template":"","format":"standard","meta":{"footnotes":""},"categories":[143],"tags":[169,114,115,170,32,33],"class_list":{"0":"post-117048","1":"post","2":"type-post","3":"status-publish","4":"format-standard","5":"has-post-thumbnail","7":"category-livros","8":"tag-books","9":"tag-entertainment","10":"tag-entretenimento","11":"tag-livros","12":"tag-portugal","13":"tag-pt"},"share_on_mastodon":{"url":"","error":""},"_links":{"self":[{"href":"https:\/\/www.europesays.com\/pt\/wp-json\/wp\/v2\/posts\/117048","targetHints":{"allow":["GET"]}}],"collection":[{"href":"https:\/\/www.europesays.com\/pt\/wp-json\/wp\/v2\/posts"}],"about":[{"href":"https:\/\/www.europesays.com\/pt\/wp-json\/wp\/v2\/types\/post"}],"author":[{"embeddable":true,"href":"https:\/\/www.europesays.com\/pt\/wp-json\/wp\/v2\/users\/2"}],"replies":[{"embeddable":true,"href":"https:\/\/www.europesays.com\/pt\/wp-json\/wp\/v2\/comments?post=117048"}],"version-history":[{"count":0,"href":"https:\/\/www.europesays.com\/pt\/wp-json\/wp\/v2\/posts\/117048\/revisions"}],"wp:featuredmedia":[{"embeddable":true,"href":"https:\/\/www.europesays.com\/pt\/wp-json\/wp\/v2\/media\/117049"}],"wp:attachment":[{"href":"https:\/\/www.europesays.com\/pt\/wp-json\/wp\/v2\/media?parent=117048"}],"wp:term":[{"taxonomy":"category","embeddable":true,"href":"https:\/\/www.europesays.com\/pt\/wp-json\/wp\/v2\/categories?post=117048"},{"taxonomy":"post_tag","embeddable":true,"href":"https:\/\/www.europesays.com\/pt\/wp-json\/wp\/v2\/tags?post=117048"}],"curies":[{"name":"wp","href":"https:\/\/api.w.org\/{rel}","templated":true}]}}