{"id":117054,"date":"2025-10-19T09:26:11","date_gmt":"2025-10-19T09:26:11","guid":{"rendered":"https:\/\/www.europesays.com\/pt\/117054\/"},"modified":"2025-10-19T09:26:11","modified_gmt":"2025-10-19T09:26:11","slug":"que-bacteria-do-estomago-e-esta-que-provoca-ainda-mais-azia-e-risco-de-anemia-nas-mulheres","status":"publish","type":"post","link":"https:\/\/www.europesays.com\/pt\/117054\/","title":{"rendered":"Que bact\u00e9ria do est\u00f4mago \u00e9 esta que provoca ainda mais azia e risco de anemia nas mulheres?"},"content":{"rendered":"<p>O n\u00famero de casos detetados da chamada bact\u00e9ria do est\u00f4mago parecem estar a aumentar e t\u00eam sido as v\u00e1rias figuras p\u00fablicas que, nos \u00faltimos dois anos, t\u00eam deixado testemunhos de combate \u00e0 doen\u00e7a nem sempre f\u00e1cil ou simples. Um crescimento que o gastroenterologista Miguel Afonso diz que se deve &#8220;a melhor diagn\u00f3stico e f\u00e1cil transmiss\u00e3o entre familiares&#8221;.<\/p>\n<p data-remotead-prev-elm=\"true\" data-remotead-elm-id=\"inread\">Ao detalhe, a Helicobacter pylori &#8220;\u00e9 uma bact\u00e9ria que vive na parede do est\u00f4mago e consegue resistir ao \u00e1cido&#8221;, refere. E se, na maioria dos casos, a presen\u00e7a no corpo \u00e9 silenciosa e n\u00e3o d\u00e1 sinais, quando o contr\u00e1rio acontece os sintomas s\u00e3o bastante inconvenientes, sobretudo no sexo feminino. &#8220;Nas mulheres, h\u00e1 mais queixas de azia e maior risco de anemia&#8221;, revela o diretor da Gastroclinic.<\/p>\n<p>A antiga apresentadora da TVI, Fanny Rodrigues, falou dela numa visita recente ao programa do canal concorrente SIC e revelou a Diana Chaves e Jo\u00e3o Bai\u00e3o que perdeu bastante peso e chegou a tomar &#8220;&#8221;14 pastilhas do tamanho de um dedo mindinho&#8221;. &#8220;S\u00e3o heran\u00e7as que a minha querida m\u00e3e me deixa&#8221;, acrescentou no programa Casa Feliz, revelando que a progenitora lidou com diagn\u00f3stico semelhante. Antes, a cantora Micaela tinha trazido testemunho parecido no mesmo espa\u00e7o televisivo, em setembro \u00faltimo. &#8220;Durante nove meses, batalhei contra esta bact\u00e9ria, perdi 16 quilos com muito sofrimento, n\u00e3o desejo a ningu\u00e9m&#8221;, explicou, aproveitando para consciencializar todos para a doen\u00e7a: &#8220;&#8221;Fa\u00e7am o exame do sopro, \u00e9 uma an\u00e1lise muito f\u00e1cil e deteta a H.pylori.&#8221; &#8220;Muita gente n\u00e3o sabe, existe no nosso organismo, todos temos, ela acaba por ativar ou n\u00e3o. Se n\u00e3o for tratada, \u00e9 um condutor ao cancro de est\u00f4mago.&#8221;, alertou.<\/p>\n<p data-remotead-prev-elm=\"true\" data-remotead-elm-id=\"centro1\">Em mar\u00e7o de 2023, Jessica Athayde trouxe o tema para as redes sociais. &#8220;Nem h\u00e1 um ano, fui diagnosticada com aquela bact\u00e9ria do est\u00f4mago, a pylori. Andava a passar muito mal&#8221;, escreveu \u00e0 data. E acrescentou: &#8220;Estive nas m\u00e3os de medicina chinesa, alternativa (&#8230;) a tentar despachar este bico, e n\u00e3o consegui. At\u00e9 que cedi finalmente ao tratamento desta bact\u00e9ria e comecei a tomar esta merda.&#8221;<\/p>\n<p>Em Portugal, cr\u00ea-se que &#8220;cerca de metade dos portugueses tem esta bact\u00e9ria no est\u00f4mago&#8221;, sendo mais comum &#8220;em pessoas mais velhas, porque, h\u00e1 alguns anos, as condi\u00e7\u00f5es de higiene eram diferentes&#8221;, especifica Miguel Afonso.<\/p>\n<p data-remotead-prev-elm=\"true\" data-remotead-elm-id=\"centro2\">Mas, e o que fazer quando detetada? &#8220;O tratamento dura dez a 14 dias e envolve a toma de dois antibi\u00f3ticos diferentes e um medicamento para proteger o est\u00f4mago. \u00c9 muito importante tomar tudo certinho at\u00e9 ao fim para eliminar a bact\u00e9ria&#8221;, recomenda o especialista.<\/p>\n<p><img decoding=\"async\" class=\"ngx-body\" guid=\"6f024e2b-a22c-4a36-9296-cae16afba108\" src=\"https:\/\/www.europesays.com\/pt\/wp-content\/uploads\/2025\/10\/1760865971_697_image.jpg\" width=\"100%\"\/>Gastroenterologista Miguel Afonso<\/p>\n<p data-remotead-prev-elm=\"true\" data-remotead-elm-id=\"centro3\">Um tratamento que deve ser cumprido a par e passo de uma alimenta\u00e7\u00e3o sem excessos: &#8220;Deve evitar-se o consumo de \u00e1lcool, caf\u00e9 e comidas muito picantes ou gordurosas, preferindo refei\u00e7\u00f5es leves, comer devagar e beber bastante \u00e1gua.&#8221;<\/p>\n<p>O especialista revela que a &#8220;a infe\u00e7\u00e3o costuma acontecer quando somos crian\u00e7as, atrav\u00e9s do contacto com saliva, alimentos ou \u00e1gua contaminada&#8221;, arriscando passar de &#8220;pessoa para pessoa, muitas vezes dentro da fam\u00edlia&#8221;. Por isso, a preven\u00e7\u00e3o ter\u00e1 sempre de passar por uma &#8220;boa higiene das m\u00e3os, alimentos e utens\u00edlios&#8221;.<\/p>\n","protected":false},"excerpt":{"rendered":"O n\u00famero de casos detetados da chamada bact\u00e9ria do est\u00f4mago parecem estar a aumentar e t\u00eam sido as&hellip;\n","protected":false},"author":2,"featured_media":117055,"comment_status":"","ping_status":"","sticky":false,"template":"","format":"standard","meta":{"footnotes":""},"categories":[86],"tags":[1895,20491,27411,116,32,33,117],"class_list":{"0":"post-117054","1":"post","2":"type-post","3":"status-publish","4":"format-standard","5":"has-post-thumbnail","7":"category-saude","8":"tag-bacteria","9":"tag-delas","10":"tag-estomago","11":"tag-health","12":"tag-portugal","13":"tag-pt","14":"tag-saude"},"share_on_mastodon":{"url":"","error":""},"_links":{"self":[{"href":"https:\/\/www.europesays.com\/pt\/wp-json\/wp\/v2\/posts\/117054","targetHints":{"allow":["GET"]}}],"collection":[{"href":"https:\/\/www.europesays.com\/pt\/wp-json\/wp\/v2\/posts"}],"about":[{"href":"https:\/\/www.europesays.com\/pt\/wp-json\/wp\/v2\/types\/post"}],"author":[{"embeddable":true,"href":"https:\/\/www.europesays.com\/pt\/wp-json\/wp\/v2\/users\/2"}],"replies":[{"embeddable":true,"href":"https:\/\/www.europesays.com\/pt\/wp-json\/wp\/v2\/comments?post=117054"}],"version-history":[{"count":0,"href":"https:\/\/www.europesays.com\/pt\/wp-json\/wp\/v2\/posts\/117054\/revisions"}],"wp:featuredmedia":[{"embeddable":true,"href":"https:\/\/www.europesays.com\/pt\/wp-json\/wp\/v2\/media\/117055"}],"wp:attachment":[{"href":"https:\/\/www.europesays.com\/pt\/wp-json\/wp\/v2\/media?parent=117054"}],"wp:term":[{"taxonomy":"category","embeddable":true,"href":"https:\/\/www.europesays.com\/pt\/wp-json\/wp\/v2\/categories?post=117054"},{"taxonomy":"post_tag","embeddable":true,"href":"https:\/\/www.europesays.com\/pt\/wp-json\/wp\/v2\/tags?post=117054"}],"curies":[{"name":"wp","href":"https:\/\/api.w.org\/{rel}","templated":true}]}}