{"id":117056,"date":"2025-10-19T09:28:09","date_gmt":"2025-10-19T09:28:09","guid":{"rendered":"https:\/\/www.europesays.com\/pt\/117056\/"},"modified":"2025-10-19T09:28:09","modified_gmt":"2025-10-19T09:28:09","slug":"galaxy-s26-sem-versao-pro-e-uma-fabricante-sem-rumo","status":"publish","type":"post","link":"https:\/\/www.europesays.com\/pt\/117056\/","title":{"rendered":"Galaxy S26 sem vers\u00e3o &#8220;Pro&#8221;? \u00c9 uma fabricante sem rumo!"},"content":{"rendered":"<p>Ao que tudo indica, depois de rumores a apontar para o cancelamento do <strong><a href=\"https:\/\/www.leak.pt\/galaxy-s26-aposta-da-samsung\/\" rel=\"nofollow noopener\" target=\"_blank\">S26 Edge<\/a><\/strong>, eis que agora temos v\u00e1rios ind\u00edcios de que a Samsung decidiu abandonar a ideia de lan\u00e7ar um <strong>Galaxy S26 Pro.<\/strong><\/p>\n<p>Algo que parece estranho, mas \u00e9 uma decis\u00e3o at\u00e9 faz sentido! Por\u00e9m, ao mesmo tempo, tamb\u00e9m revela algo grave\u2026 A marca est\u00e1 a viver uma crise de identidade no topo da sua gama, o que tamb\u00e9m significa que a Samsung n\u00e3o sabe o que fazer para continuar a lutar nas linhas da frente.<\/p>\n<p><strong>O \u201cPro\u201d n\u00e3o ia resolver nada?<\/strong><\/p>\n<p><img fetchpriority=\"high\" decoding=\"async\" class=\"aligncenter size-full wp-image-353449\" src=\"data:image\/svg+xml,%3Csvg%20xmlns=\" http:=\"\" alt=\"s26\" width=\"1344\" height=\"768\" data-lazy- data-lazy- data-lazy-src=\"https:\/\/www.europesays.com\/pt\/wp-content\/uploads\/2025\/10\/galaxy-s26.jpg\"\/><\/p>\n<p>A ideia inicial passava por criar uma vers\u00e3o mais sofisticada, \u00e0 imagem do que a Apple faz com os seus iPhones. Mas\u2026 O problema da Samsung nunca foi o nome, \u00e9 mais de objetivo e clareza.<\/p>\n<p>Entre o <strong>S26<\/strong>, o <strong>S26+<\/strong> e o <strong>S26 Ultra<\/strong>, a marca j\u00e1 tem dificuldade em explicar o que torna cada modelo \u00fanico. Algo normal, porque entre o S26 e S26+ apenas muda o tamanho, com a vers\u00e3o Ultra a ficar muito afastaa de todo o resto.<\/p>\n<p>Ou seja, introduzir um \u201cPro\u201d s\u00f3 iria baralhar ainda mais o consumidor.<strong> Afinal, se o Ultra \u00e9 o topo absoluto da linha, onde \u00e9 que o Pro ficava?<\/strong> No meio? Ao lado? A confus\u00e3o era inevit\u00e1vel.<\/p>\n<p><strong>A falta de dire\u00e7\u00e3o est\u00e1 a corroer o prest\u00edgio da linha Galaxy S, e pode meter a Samsung em Xeque!<\/strong><\/p>\n<p>O cancelamento do <strong>S26 Edge<\/strong>, motivado por vendas abaixo do esperado, j\u00e1 tinha levantado d\u00favidas sobre a estrat\u00e9gia da marca. Agora, a elimina\u00e7\u00e3o do \u201cPro\u201d refor\u00e7a essa sensa\u00e7\u00e3o de desorienta\u00e7\u00e3o.<\/p>\n<p><strong>A Samsung parece n\u00e3o saber o que quer fazer com o seu principal produto<\/strong>.<\/p>\n<p>Al\u00e9m disto, o Galaxy S j\u00e1 n\u00e3o \u00e9 o s\u00edmbolo de inova\u00e7\u00e3o que foi h\u00e1 uns anos atr\u00e1s. Est\u00e1 encurralado entre os <strong>foldables<\/strong>, que concentram o lado mais experimental da marca, e o <strong>Ultra<\/strong>, que monopoliza o estatuto de topo. O resultado \u00e9 um \u201cmeio-termo\u201d sem sal.<\/p>\n<p><strong>A Samsung precisa de parar de correr atr\u00e1s da Apple!<\/strong><\/p>\n<p>Durante anos, a Samsung foi acusada de seguir o ritmo da Apple em vez de definir o seu pr\u00f3prio. Este caso \u00e9 mais um exemplo. O nome \u201cPro\u201d \u00e9 s\u00f3 uma etiqueta, mas reflete a vontade da empresa de imitar uma narrativa que n\u00e3o \u00e9 sua.<\/p>\n<p><strong>Isto pode ser uma oportunidade?<\/strong><\/p>\n<p>A Xiaomi tamb\u00e9m anda a correr atr\u00e1s da Apple, e isso pode vir a correr mal. Aqui, com esta troca de ideias, a Samsung pode ter uma oportunidade para mudar o seu futuro.<\/p>\n<p>Para ser\u2026 Bem\u2026 Mais ela pr\u00f3pria. Porque \u00e9 exatamente isso que falta aos Galaxy S\u2026 Identidade!<\/p>\n","protected":false},"excerpt":{"rendered":"Ao que tudo indica, depois de rumores a apontar para o cancelamento do S26 Edge, eis que agora&hellip;\n","protected":false},"author":2,"featured_media":117057,"comment_status":"","ping_status":"","sticky":false,"template":"","format":"standard","meta":{"footnotes":""},"categories":[84],"tags":[109,107,108,1661,32,33,105,103,104,106,110],"class_list":{"0":"post-117056","1":"post","2":"type-post","3":"status-publish","4":"format-standard","5":"has-post-thumbnail","7":"category-ciencia-e-tecnologia","8":"tag-ciencia","9":"tag-ciencia-e-tecnologia","10":"tag-cienciaetecnologia","11":"tag-destaque","12":"tag-portugal","13":"tag-pt","14":"tag-science","15":"tag-science-and-technology","16":"tag-scienceandtechnology","17":"tag-technology","18":"tag-tecnologia"},"share_on_mastodon":{"url":"","error":""},"_links":{"self":[{"href":"https:\/\/www.europesays.com\/pt\/wp-json\/wp\/v2\/posts\/117056","targetHints":{"allow":["GET"]}}],"collection":[{"href":"https:\/\/www.europesays.com\/pt\/wp-json\/wp\/v2\/posts"}],"about":[{"href":"https:\/\/www.europesays.com\/pt\/wp-json\/wp\/v2\/types\/post"}],"author":[{"embeddable":true,"href":"https:\/\/www.europesays.com\/pt\/wp-json\/wp\/v2\/users\/2"}],"replies":[{"embeddable":true,"href":"https:\/\/www.europesays.com\/pt\/wp-json\/wp\/v2\/comments?post=117056"}],"version-history":[{"count":0,"href":"https:\/\/www.europesays.com\/pt\/wp-json\/wp\/v2\/posts\/117056\/revisions"}],"wp:featuredmedia":[{"embeddable":true,"href":"https:\/\/www.europesays.com\/pt\/wp-json\/wp\/v2\/media\/117057"}],"wp:attachment":[{"href":"https:\/\/www.europesays.com\/pt\/wp-json\/wp\/v2\/media?parent=117056"}],"wp:term":[{"taxonomy":"category","embeddable":true,"href":"https:\/\/www.europesays.com\/pt\/wp-json\/wp\/v2\/categories?post=117056"},{"taxonomy":"post_tag","embeddable":true,"href":"https:\/\/www.europesays.com\/pt\/wp-json\/wp\/v2\/tags?post=117056"}],"curies":[{"name":"wp","href":"https:\/\/api.w.org\/{rel}","templated":true}]}}