{"id":117058,"date":"2025-10-19T09:30:41","date_gmt":"2025-10-19T09:30:41","guid":{"rendered":"https:\/\/www.europesays.com\/pt\/117058\/"},"modified":"2025-10-19T09:30:41","modified_gmt":"2025-10-19T09:30:41","slug":"eslovaquia-pede-a-kiev-ajuda-para-arranjar-trabalhadores-observador","status":"publish","type":"post","link":"https:\/\/www.europesays.com\/pt\/117058\/","title":{"rendered":"Eslov\u00e1quia pede a Kiev ajuda para arranjar trabalhadores \u2013 Observador"},"content":{"rendered":"<p>Acompanhe o <a href=\"https:\/\/observador.pt\/liveblogs\/trump-recebe-hoje-zelensky-na-casa-branca\/#liveblog-entry-733288\" rel=\"nofollow noopener\" target=\"_blank\">nosso liveblog sobre a guerra na Ucr\u00e2nia<\/a><\/p>\n<p>O Governo da Eslov\u00e1quia pediu \u00e0 Ucr\u00e2nia coopera\u00e7\u00e3o para colmatar a escassez de m\u00e3o-de-obra qualificada, no dia em que aprovou um pacote de ajuda \u00e0s infraestruturas energ\u00e9ticas ucranianas, alvo de ataques da R\u00fassia, foi esta sexta-feira divulgado.<\/p>\n<p>\u201cA nossa ind\u00fastria precisa de 100 mil a 150 mil trabalhadores qualificados, e \u00e9 muito dif\u00edcil procurar coopera\u00e7\u00e3o com pa\u00edses com barreiras lingu\u00edsticas\u201d, explicou o primeiro-ministro eslovaco, Roberto Fico, durante uma reuni\u00e3o com a hom\u00f3loga ucraniana, Yulia Svyrydenko.<\/p>\n<p>O chefe do Governo eslovaco prop\u00f4s uma \u201cparceria estrat\u00e9gica\u201d com Kiev, com vista \u00e0 cria\u00e7\u00e3o de um \u201cquadro institucional e jur\u00eddico\u201d que permita o recrutamento de trabalhadores ucranianos. \u201cEstamos a enfrentar taxas de desemprego historicamente baixas e posso dizer que todos os que querem trabalhar t\u00eam emprego\u201d, acrescentou o primeiro-ministro eslovaco.<\/p>\n<p>De acordo com o Minist\u00e9rio do Trabalho eslovaco, <strong>a taxa de desemprego no pa\u00eds situou-se em 5,3% no segundo trimestre de 2025, um dos n\u00edveis mais baixos da \u00faltima d\u00e9cada<\/strong>.<\/p>\n<p>A Eslov\u00e1quia acolhe atualmente cerca de 145 mil refugiados ucranianos que fugiram da invas\u00e3o russa, representando 2,67% da popula\u00e7\u00e3o, segundo um cons\u00f3rcio de organiza\u00e7\u00f5es n\u00e3o-governamentais que trabalham com migrantes.<\/p>\n<p><strong>[Apesar da euforia em torno de Freitas, Soares recupera. O debate com Zenha ser\u00e1 decisivo. Quando acabar, nunca mais ser\u00e3o amigos.\u00a0A\u00a0<a href=\"https:\/\/observador.pt\/programas\/a-eleio-mais-louca-de-sempre\/episodio-3-ele-nao-e-meu-irmao\/\" rel=\"nofollow noopener\" target=\"_blank\">\u201cElei\u00e7\u00e3o Mais Louca de Sempre\u201d<\/a>\u00a0\u00e9 o novo Podcast Plus do Observador sobre as Presidenciais de 1986. Uma s\u00e9rie narrada pelo ator Gon\u00e7alo Waddington, com banda sonora original de Samuel \u00daria. Pode ouvir\u00a0<a href=\"https:\/\/observador.pt\/programas\/a-eleio-mais-louca-de-sempre\/episodio-3-ele-nao-e-meu-irmao\/\" target=\"_blank\" rel=\"noopener nofollow\">aqui<\/a>, no\u00a0Observador, e tamb\u00e9m na\u00a0<a href=\"https:\/\/podcasts.apple.com\/pt\/podcast\/epis%C3%B3dio-3-ele-n%C3%A3o-%C3%A9-meu-irm%C3%A3o\/id1841273464?i=1000731696598\" target=\"_blank\" rel=\"noopener nofollow\">Apple Podcasts<\/a>, no\u00a0<a href=\"https:\/\/open.spotify.com\/episode\/46BVbcvVdeR0JAPt0QqY3V?si=66ce21905d6c443c\" target=\"_blank\" rel=\"noopener nofollow\">Spotify<\/a>\u00a0e no\u00a0<a href=\"https:\/\/music.youtube.com\/watch?v=FAhQNHEr5Tc&amp;si=yiJlZG-PAvTSgxsu\" target=\"_blank\" rel=\"noopener nofollow\">Youtube Music<\/a>. E pode ouvir o primeiro epis\u00f3dio\u00a0<a href=\"https:\/\/observador.pt\/programas\/a-eleio-mais-louca-de-sempre\/estreia-a-eleicao-mais-louca-de-sempre-episodio-1-apostamos-no-cavalo-errado\/\" rel=\"nofollow noopener\" target=\"_blank\">aqui<\/a>\u00a0e o segundo\u00a0<a href=\"https:\/\/observador.pt\/programas\/a-eleio-mais-louca-de-sempre\/episodio-2-uma-traicao-inesperada\/\" rel=\"nofollow noopener\" target=\"_blank\">aqui<\/a>]<\/strong><\/p>\n<p><a href=\"https:\/\/observador.pt\/programas\/a-eleio-mais-louca-de-sempre\/episodio-3-ele-nao-e-meu-irmao\/\" rel=\"nofollow noopener\" target=\"_blank\"><\/p>\n<p>        <img src=\"https:\/\/www.europesays.com\/pt\/wp-content\/uploads\/2025\/10\/770-a-eleicao-mais-louca-de-sempre-playicon.png\" alt=\"\" loading=\"lazy\" decoding=\"async\" class=\"alignnone\" onload=\"this.parentElement.classList.remove('spinner')\" onerror=\"this.parentElement.classList.remove('spinner')\" width=\"770\" height=\"433\"\/>    <\/p>\n<p><\/a><\/p>\n<p>Tamb\u00e9m esta sexta-feira o Governo eslovaco aprovou a entrega de um pacote adicional de ajuda \u00e0s infraestruturas energ\u00e9ticas da Ucr\u00e2nia, atingidas pelos ataques russos durante a guerra em curso, num gesto que une Kiev e Bratislava, que j\u00e1 avisou que o seu apoio ser\u00e1 exclusivamente humanit\u00e1rio.<\/p>\n<p>No encontro com Fico, Yulia Sviridenko expressou a sua gratid\u00e3o pelo gesto das autoridades eslovacas, que s\u00e3o criticadas no seio da Europa devido \u00e0 sua proximidade com as autoridades de Moscovo, juntamente com a Hungria.<\/p>\n<p>Num comunicado posterior, as autoridades ucranianas especificaram que o pacote de ajuda eslovaco para fortalecer o setor energ\u00e9tico da Ucr\u00e2nia est\u00e1 avaliado em 500 mil euros. Tamb\u00e9m foi anunciado que uma verba de 300 mil euros ser\u00e1 canalizada para a renova\u00e7\u00e3o de escolas e abrigos em centros educativos localizados perto das linhas da frente.<\/p>\n<p>Durante a reuni\u00e3o, Fico apoiou as aspira\u00e7\u00f5es pr\u00f3-europeias da Ucr\u00e2nia. \u201cSer\u00e1 ben\u00e9fico para a estabilidade da regi\u00e3o e para as nossas rela\u00e7\u00f5es bilaterais\u201d, disse o chefe de Governo eslovaco.<\/p>\n","protected":false},"excerpt":{"rendered":"Acompanhe o nosso liveblog sobre a guerra na Ucr\u00e2nia O Governo da Eslov\u00e1quia pediu \u00e0 Ucr\u00e2nia coopera\u00e7\u00e3o para&hellip;\n","protected":false},"author":2,"featured_media":117059,"comment_status":"","ping_status":"","sticky":false,"template":"","format":"standard","meta":{"footnotes":""},"categories":[50],"tags":[27,28,476,618,27412,445,15,16,1123,14,25,26,21,22,62,12,13,19,20,23,24,17,18,1124,29,30,31,63,64,65],"class_list":{"0":"post-117058","1":"post","2":"type-post","3":"status-publish","4":"format-standard","5":"has-post-thumbnail","7":"category-mundo","8":"tag-breaking-news","9":"tag-breakingnews","10":"tag-economia","11":"tag-emprego","12":"tag-eslovu00e1quia","13":"tag-europa","14":"tag-featured-news","15":"tag-featurednews","16":"tag-guerra-na-ucru00e2nia","17":"tag-headlines","18":"tag-latest-news","19":"tag-latestnews","20":"tag-main-news","21":"tag-mainnews","22":"tag-mundo","23":"tag-news","24":"tag-noticias","25":"tag-noticias-principais","26":"tag-noticiasprincipais","27":"tag-principais-noticias","28":"tag-principaisnoticias","29":"tag-top-stories","30":"tag-topstories","31":"tag-ucru00e2nia","32":"tag-ultimas","33":"tag-ultimas-noticias","34":"tag-ultimasnoticias","35":"tag-world","36":"tag-world-news","37":"tag-worldnews"},"share_on_mastodon":{"url":"","error":""},"_links":{"self":[{"href":"https:\/\/www.europesays.com\/pt\/wp-json\/wp\/v2\/posts\/117058","targetHints":{"allow":["GET"]}}],"collection":[{"href":"https:\/\/www.europesays.com\/pt\/wp-json\/wp\/v2\/posts"}],"about":[{"href":"https:\/\/www.europesays.com\/pt\/wp-json\/wp\/v2\/types\/post"}],"author":[{"embeddable":true,"href":"https:\/\/www.europesays.com\/pt\/wp-json\/wp\/v2\/users\/2"}],"replies":[{"embeddable":true,"href":"https:\/\/www.europesays.com\/pt\/wp-json\/wp\/v2\/comments?post=117058"}],"version-history":[{"count":0,"href":"https:\/\/www.europesays.com\/pt\/wp-json\/wp\/v2\/posts\/117058\/revisions"}],"wp:featuredmedia":[{"embeddable":true,"href":"https:\/\/www.europesays.com\/pt\/wp-json\/wp\/v2\/media\/117059"}],"wp:attachment":[{"href":"https:\/\/www.europesays.com\/pt\/wp-json\/wp\/v2\/media?parent=117058"}],"wp:term":[{"taxonomy":"category","embeddable":true,"href":"https:\/\/www.europesays.com\/pt\/wp-json\/wp\/v2\/categories?post=117058"},{"taxonomy":"post_tag","embeddable":true,"href":"https:\/\/www.europesays.com\/pt\/wp-json\/wp\/v2\/tags?post=117058"}],"curies":[{"name":"wp","href":"https:\/\/api.w.org\/{rel}","templated":true}]}}