{"id":117060,"date":"2025-10-19T09:31:12","date_gmt":"2025-10-19T09:31:12","guid":{"rendered":"https:\/\/www.europesays.com\/pt\/117060\/"},"modified":"2025-10-19T09:31:12","modified_gmt":"2025-10-19T09:31:12","slug":"na-cadeia-e-que-estava-bem-diz-homem-em-liberdade-condicional-que-quer-volta-a-prisao","status":"publish","type":"post","link":"https:\/\/www.europesays.com\/pt\/117060\/","title":{"rendered":"&#8220;Na cadeia \u00e9 que estava bem&#8221;, diz homem em liberdade condicional que quer volta \u00e0 pris\u00e3o"},"content":{"rendered":"<p>Na cadeia de Izeda, cumpriu 13 anos de uma pena de 16 por ter matado um homem &#8220;\u00e0 vassourada&#8221;, em Valen\u00e7a. No Natal de 2023, saiu em condicional e, desde ent\u00e3o, pernoita na rua ou, quando ainda tem dinheiro do rendimento social de inser\u00e7\u00e3o (RSI), em pens\u00f5es do Porto e de Gaia. Sem se conseguir adaptar \u00e0 vida em liberdade, Fernando Amaral, 58 anos, quer voltar para a cadeia. Diz o pr\u00f3prio: &#8220;a vida c\u00e1 fora \u00e9 pior que a cadeia&#8221; e todos os dias, ou quase, vai a uma esquadra ou a um tribunal pedir que o mandem de novo para o pres\u00eddio.<\/p>\n<p data-remotead-prev-elm=\"true\" data-remotead-elm-id=\"inread\">O homem que representa muitas das falhas da reinser\u00e7\u00e3o social diz que, em Izeda, ganhava &#8220;mais ou menos dois euros&#8221; por dia em tarefas de limpeza dos corredores e outras \u00e1reas do pres\u00eddio bragantino. &#8220;Tamb\u00e9m limpava celas de outros reclusos&#8221;, a troco de algumas moedas, caf\u00e9 ou chocolates. &#8220;Era feliz ali&#8221;, garante com nostalgia.<\/p>\n<p>Acesso exclusivo a assinantes<\/p>\n<p>Acesso ilimitado a conte\u00fados exclusivos<\/p>\n<p>Navega\u00e7\u00e3o sem publicidade intrusiva<\/p>\n<p>Vers\u00e3o digital do jornal, suplementos e revistas<\/p>\n","protected":false},"excerpt":{"rendered":"Na cadeia de Izeda, cumpriu 13 anos de uma pena de 16 por ter matado um homem &#8220;\u00e0&hellip;\n","protected":false},"author":2,"featured_media":117061,"comment_status":"","ping_status":"","sticky":false,"template":"","format":"standard","meta":{"footnotes":""},"categories":[10],"tags":[27,28,15,16,14,603,25,26,21,22,12,13,19,20,32,23,24,33,27414,27413,8476,17,18,29,30,31],"class_list":{"0":"post-117060","1":"post","2":"type-post","3":"status-publish","4":"format-standard","5":"has-post-thumbnail","7":"category-portugal","8":"tag-breaking-news","9":"tag-breakingnews","10":"tag-featured-news","11":"tag-featurednews","12":"tag-headlines","13":"tag-justica","14":"tag-latest-news","15":"tag-latestnews","16":"tag-main-news","17":"tag-mainnews","18":"tag-news","19":"tag-noticias","20":"tag-noticias-principais","21":"tag-noticiasprincipais","22":"tag-portugal","23":"tag-principais-noticias","24":"tag-principaisnoticias","25":"tag-pt","26":"tag-recluso","27":"tag-reinsercao-social","28":"tag-sem-abrigo","29":"tag-top-stories","30":"tag-topstories","31":"tag-ultimas","32":"tag-ultimas-noticias","33":"tag-ultimasnoticias"},"share_on_mastodon":{"url":"","error":""},"_links":{"self":[{"href":"https:\/\/www.europesays.com\/pt\/wp-json\/wp\/v2\/posts\/117060","targetHints":{"allow":["GET"]}}],"collection":[{"href":"https:\/\/www.europesays.com\/pt\/wp-json\/wp\/v2\/posts"}],"about":[{"href":"https:\/\/www.europesays.com\/pt\/wp-json\/wp\/v2\/types\/post"}],"author":[{"embeddable":true,"href":"https:\/\/www.europesays.com\/pt\/wp-json\/wp\/v2\/users\/2"}],"replies":[{"embeddable":true,"href":"https:\/\/www.europesays.com\/pt\/wp-json\/wp\/v2\/comments?post=117060"}],"version-history":[{"count":0,"href":"https:\/\/www.europesays.com\/pt\/wp-json\/wp\/v2\/posts\/117060\/revisions"}],"wp:featuredmedia":[{"embeddable":true,"href":"https:\/\/www.europesays.com\/pt\/wp-json\/wp\/v2\/media\/117061"}],"wp:attachment":[{"href":"https:\/\/www.europesays.com\/pt\/wp-json\/wp\/v2\/media?parent=117060"}],"wp:term":[{"taxonomy":"category","embeddable":true,"href":"https:\/\/www.europesays.com\/pt\/wp-json\/wp\/v2\/categories?post=117060"},{"taxonomy":"post_tag","embeddable":true,"href":"https:\/\/www.europesays.com\/pt\/wp-json\/wp\/v2\/tags?post=117060"}],"curies":[{"name":"wp","href":"https:\/\/api.w.org\/{rel}","templated":true}]}}