{"id":117062,"date":"2025-10-19T09:33:09","date_gmt":"2025-10-19T09:33:09","guid":{"rendered":"https:\/\/www.europesays.com\/pt\/117062\/"},"modified":"2025-10-19T09:33:09","modified_gmt":"2025-10-19T09:33:09","slug":"filho-de-marcello-novaes-e-leticia-spiller-ganha-bela-declaracao-do-pai-infinito","status":"publish","type":"post","link":"https:\/\/www.europesays.com\/pt\/117062\/","title":{"rendered":"Filho de Marcello Novaes e Leticia Spiller ganha bela declara\u00e7\u00e3o do pai: &#8216;Infinito&#8217;"},"content":{"rendered":"<p>O ator <a href=\"https:\/\/caras.com.br\/tags\/marcello-novaes\" rel=\"nofollow noopener\" target=\"_blank\"><strong>Marcello Novaes<\/strong><\/a> separou um tempo para prestar uma bela homenagem ao filho ca\u00e7ula, <a href=\"https:\/\/caras.com.br\/tags\/pedro-novaes\" rel=\"nofollow noopener\" target=\"_blank\"><strong>Pedro Novaes<\/strong><\/a>. O jovem, fruto de seu antigo casamento com a tamb\u00e9m atriz <a href=\"https:\/\/caras.com.br\/tags\/leticia-spiller\" rel=\"nofollow noopener\" target=\"_blank\"><strong>Leticia Spiller<\/strong><\/a>, completou 29 anos de vida na \u00faltima sexta-feira, 17.<\/p>\n<p>Em celebra\u00e7\u00e3o a data especial, Marcello publicou uma foto recente do herdeiro e abriu o cora\u00e7\u00e3o ao parabeniz\u00e1-lo por mais um anivers\u00e1rio. O int\u00e9rprete de Jaques na novela \u2018Dona de Mim\u2019, da TV Globo, ainda ressaltou o grande amor que sente pelo filho.<\/p>\n<p>\u201cHoje \u00e9 seu dia meu AMOR! Desejo tudo de mais incr\u00edvel e maravilhoso pra sua vida, com muita sa\u00fade e paz! Meu AMOR por voc\u00ea \u00e9 infinito e grandioso. TE AMO!\u201c, declarou o artista na legenda. Nos coment\u00e1rios da postagem, Leticia Spiller deixou um recado carinhoso ao filho e ao ex-marido: \u201cViva o nosso amor\u201c.<\/p>\n<p>Al\u00e9m da atriz, diversos outros famosos e admiradores tamb\u00e9m parabenizaram Pedro Novaes pelo anivers\u00e1rio: \u201cAh que lindo!!! Parab\u00e9ns pro Pedro\u201c, declarou a atriz <strong>Claudia Mauro<\/strong>. \u201cLind\u00e3o. Parab\u00e9ns, Pedro!\u201c, disse o ator <strong>Dudu Azevedo<\/strong>. \u201cParab\u00e9ns Pedro, felicidades e sa\u00fade. Grande ator. Uma vida longa de realiza\u00e7\u00f5es e vit\u00f3rias pra voc\u00ea\u201c, desejou um seguidor.<\/p>\n<p>Vale lembrar que, assim como os pais, Pedro Novaes tamb\u00e9m \u00e9 ator e j\u00e1 iniciou a carreira nas telinhas. Ap\u00f3s protagonizar a novela \u2018Garota do Momento\u2019, o herdeiro de Marcello Novaes e Leticia Spiller estar\u00e1 em \u2018Tr\u00eas Gra\u00e7as\u2019, nova novela das nove da TV Globo, que estreia na segunda-feira, 20.<\/p>\n<blockquote class=\"instagram-media\" style=\"background: #FFF; border: 0; border-radius: 3px; box-shadow: 0 0 1px 0 rgba(0,0,0,0.5),0 1px 10px 0 rgba(0,0,0,0.15); margin: 1px; max-width: 540px; min-width: 326px; padding: 0; width: calc(100% - 2px);\" data-instgrm-captioned=\"\" data-instgrm-permalink=\"https:\/\/www.instagram.com\/p\/DP6g8Ltje6k\/?utm_source=ig_embed&amp;utm_campaign=loading\" data-instgrm-version=\"14\"><\/blockquote>\n<p> <img loading=\"lazy\" decoding=\"async\" class=\"size-full wp-image-994527 img-fluid lazy\" alt=\"Marcello Novaes e Leticia Spiller s\u00e3o pais de Pedro Novaes - Foto: Reprodu\u00e7\u00e3o\/Instagram\" width=\"620\" height=\"400\" src=\"https:\/\/www.europesays.com\/pt\/wp-content\/uploads\/2025\/10\/filho-marcello-novaes-leticia-spiller.jpg\"\/>Marcello Novaes e Leticia Spiller s\u00e3o pais de Pedro Novaes \u2013 Foto: Reprodu\u00e7\u00e3o \/ Instagram @marcellonovaesreal A homenagem de Leticia Spiller para o filho <\/p>\n<p>Mais cedo, <strong>Leticia Spiller<\/strong> tamb\u00e9m <a href=\"https:\/\/caras.com.br\/datas-especiais\/leticia-spiller-celebra-aniversario-de-29-anos-do-filho-com-marcello-novaes.phtml\" rel=\"nofollow noopener\" target=\"_blank\">publicou uma homenagem emocionante ao filho<\/a>, Pedro Novaes, em celebra\u00e7\u00e3o aos 29 anos do herdeiro. Em sua postagem, a atriz compartilhou fotos de momentos marcantes ao lado do jovem nos \u00faltimos anos.<\/p>\n<p>\u201cHoje o meu primeiro amor completa 29 anos ! At\u00e9 ele nascer eu n\u00e3o sabia da grandeza e imensid\u00e3o que o amor pode alcan\u00e7ar\u2026toda for\u00e7a que ele tem e d\u00e1. Meu filho \u00e9 fortaleza do bem viver! \u00c9 aquela batida que sacode, me faz lembrar dos p\u00e9s no ch\u00e3o e ao mesmo tempo voar!\u201c, iniciou ela na legenda.<\/p>\n<p>\u201cMeu amor eu te amo infinito como voc\u00ea me disse um dia e todos os dias eu repito. O meu colo est\u00e1 sempre aqui para o que voc\u00ea precisar e eu agrade\u00e7o o colo que voc\u00ea me d\u00e1 .Todos os dias te desejo ben\u00e7\u00e3os do universo, prote\u00e7\u00e3o, sa\u00fade, prosperidade, amor! Voc\u00ea \u00e9 luz e seu cora\u00e7\u00e3o n\u00e3o tem tamanho de t\u00e3o gigante!! Feliz anivers\u00e1rio filho amado. Em todas as coisas o que \u00e9 estar\u00e1!\u201c, escreveu Leticia Spiller, por fim.<\/p>\n<p><strong>Leia tamb\u00e9m<\/strong>: <a href=\"https:\/\/caras.com.br\/atualidades\/marcello-novaes-impressiona-ao-exibir-foto-inedita-com-os-filhos-beleza-surreal.phtml\" rel=\"nofollow noopener\" target=\"_blank\">Marcello Novaes impressiona ao exibir foto in\u00e9dita com os filhos: \u2018Beleza surreal\u2019<\/a><\/p>\n<blockquote class=\"instagram-media\" style=\"background: #FFF; border: 0; border-radius: 3px; box-shadow: 0 0 1px 0 rgba(0,0,0,0.5),0 1px 10px 0 rgba(0,0,0,0.15); margin: 1px; max-width: 540px; min-width: 326px; padding: 0; width: calc(100% - 2px);\" data-instgrm-captioned=\"\" data-instgrm-permalink=\"https:\/\/www.instagram.com\/p\/DP6Zc-Gjr7M\/?utm_source=ig_embed&amp;utm_campaign=loading\" data-instgrm-version=\"14\"><\/blockquote>\n<p>        <a href=\"https:\/\/caras.com.br\/autor\/rafaela-oliveira\" rel=\"nofollow noopener\" target=\"_blank\">&#13;<br \/>\n          <img alt=\"Rafaela Oliveira\" src=\"https:\/\/www.europesays.com\/pt\/wp-content\/uploads\/2025\/10\/49f5322875970d1e29e5ff2c3d4db4418044337871973cc6a09a25acab0e8ff7\"  class=\"avatar avatar-115 photo rounded-circle mr-3\" height=\"115\" width=\"115\" loading=\"lazy\" decoding=\"async\"\/>        <\/a><\/p>\n<p>        <strong>Rafaela Oliveira<\/strong> \u00e9 rep\u00f3rter de conte\u00fado do site CARAS. Formada em jornalismo, j\u00e1 passou por sites como MaisNovela, Portal M\u00e1rcia Piovesan, Purepeople Brasil e Jornal O Dia. Escreve sobre celebridades, TV e reality show. (email: <a href=\"https:\/\/caras.com.br\/cdn-cgi\/l\/email-protection\" class=\"__cf_email__\" data-cfemail=\"d1a3b3bebdb8a7b4b8a3b08eb2bebdb0b391b2b0a3b0a2ffb2bebcffb3a3\" rel=\"nofollow noopener\" target=\"_blank\">[email\u00a0protected]<\/a>)<\/p>\n<p>\t                                            <script async src=\"\/\/www.instagram.com\/embed.js\"><\/script><\/p>\n","protected":false},"excerpt":{"rendered":"O ator Marcello Novaes separou um tempo para prestar uma bela homenagem ao filho ca\u00e7ula, Pedro Novaes. O&hellip;\n","protected":false},"author":2,"featured_media":117063,"comment_status":"","ping_status":"","sticky":false,"template":"","format":"standard","meta":{"footnotes":""},"categories":[145],"tags":[211,210,114,115,17577,6465,4384,32,33],"class_list":{"0":"post-117062","1":"post","2":"type-post","3":"status-publish","4":"format-standard","5":"has-post-thumbnail","7":"category-celebridades","8":"tag-celebridades","9":"tag-celebrities","10":"tag-entertainment","11":"tag-entretenimento","12":"tag-leticia-spiller","13":"tag-marcello-novaes","14":"tag-pedro-novaes","15":"tag-portugal","16":"tag-pt"},"share_on_mastodon":{"url":"","error":""},"_links":{"self":[{"href":"https:\/\/www.europesays.com\/pt\/wp-json\/wp\/v2\/posts\/117062","targetHints":{"allow":["GET"]}}],"collection":[{"href":"https:\/\/www.europesays.com\/pt\/wp-json\/wp\/v2\/posts"}],"about":[{"href":"https:\/\/www.europesays.com\/pt\/wp-json\/wp\/v2\/types\/post"}],"author":[{"embeddable":true,"href":"https:\/\/www.europesays.com\/pt\/wp-json\/wp\/v2\/users\/2"}],"replies":[{"embeddable":true,"href":"https:\/\/www.europesays.com\/pt\/wp-json\/wp\/v2\/comments?post=117062"}],"version-history":[{"count":0,"href":"https:\/\/www.europesays.com\/pt\/wp-json\/wp\/v2\/posts\/117062\/revisions"}],"wp:featuredmedia":[{"embeddable":true,"href":"https:\/\/www.europesays.com\/pt\/wp-json\/wp\/v2\/media\/117063"}],"wp:attachment":[{"href":"https:\/\/www.europesays.com\/pt\/wp-json\/wp\/v2\/media?parent=117062"}],"wp:term":[{"taxonomy":"category","embeddable":true,"href":"https:\/\/www.europesays.com\/pt\/wp-json\/wp\/v2\/categories?post=117062"},{"taxonomy":"post_tag","embeddable":true,"href":"https:\/\/www.europesays.com\/pt\/wp-json\/wp\/v2\/tags?post=117062"}],"curies":[{"name":"wp","href":"https:\/\/api.w.org\/{rel}","templated":true}]}}