{"id":117071,"date":"2025-10-19T09:44:11","date_gmt":"2025-10-19T09:44:11","guid":{"rendered":"https:\/\/www.europesays.com\/pt\/117071\/"},"modified":"2025-10-19T09:44:11","modified_gmt":"2025-10-19T09:44:11","slug":"manifestacoes-patrioticas-nos-eua-e-europa","status":"publish","type":"post","link":"https:\/\/www.europesays.com\/pt\/117071\/","title":{"rendered":"Manifesta\u00e7\u00f5es Patri\u00f3ticas nos EUA e Europa"},"content":{"rendered":"\n<p>\u00a0Enquanto isso, Trump passa o fim-de-semana na sua resid\u00eancia de Mar-a-Lago, na Florida, longe do clamor popular. Numa entrevista \u00e0 Fox News transmitida na sexta-feira, antes de partir para um jantar de angaria\u00e7\u00e3o de fundos da MAGA &#8211; a um pre\u00e7o de um milh\u00e3o de d\u00f3lares por prato no seu clube -, o presidente menorizou os protestos: \u201cDizem que me chamam de rei. Eu n\u00e3o sou um rei.\u201d<\/p>\n<p>\u00a0Os organizadores, uma coliga\u00e7\u00e3o de centenas de grupos e associa\u00e7\u00f5es, esperavam mais de 2600 a\u00e7\u00f5es em cidades grandes e pequenas \u2014 um aumento em rela\u00e7\u00e3o aos 1300 locais registados em abril, contra Trump e Elon Musk, e aos 2100 de junho, no primeiro evento \u201cNo Kings\u201d convocado.<\/p>\n<p>\u00a0\u201cGrandes manifesta\u00e7\u00f5es como esta d\u00e3o confian\u00e7a a quem estava \u2018na bancada\u2019, mas pronto para falar\u201d, comentou o senador democrata Chris Murphy \u00e0 Associated Press. L\u00edderes como o representante da maioria no Senado, Chuck Schumer, e o independente Bernie Sanders juntam-se \u00e0 causa, vendo-a como um ant\u00eddoto contra as pol\u00edticas de Trump: desde o cerco \u00e0 liberdade de express\u00e3o at\u00e9 \u00e0s opera\u00e7\u00f5es militares contra imigrantes. \u201c<strong>N\u00e3o h\u00e1 maior amea\u00e7a a um regime autorit\u00e1rio do que o poder patri\u00f3tico do povo\u201d, afirmou Ezra Levin, ativista pol\u00edtico e co-fundador da organiza\u00e7\u00e3o progressista Indivisible, um dos principais grupos promotores.<\/strong><\/p>\n<p>Do lado republicano, a rea\u00e7\u00e3o foi agressiva. L\u00edderes do GOP (Grand Old Party, como tamb\u00e9m \u00e9 conhecido o Partido Republicano) classificam os manifestantes como marginais, comunistas e marxistas, culpando-os pela paralisa\u00e7\u00e3o do Governo. <strong>\u201c\u00c9 o com\u00edcio de \u00f3dio \u00e0 Am\u00e9rica\u201d, disse o presidente da C\u00e2mara dos Representantes, Mike Johnson, do Louisiana. \u201cVamos ver quem aparece: tipos da Antifa, gente que odeia o capitalismo e marxistas em plena exibi\u00e7\u00e3o.\u201d<\/strong><\/p>\n<p>Em\u00a0Lisboa tamb\u00e9m se ouviu &#8220;No Kings, No Crowns&#8221; <\/p>\n<p>Al\u00e9m das manifesta\u00e7\u00f5es em cidades dos EUA, tamb\u00e9m em v\u00e1rias capitais europeias desfilaram a\u00e7\u00f5es de protesto contra as pol\u00edticas da administra\u00e7\u00e3o Trump. Em Lisboa, norte-americanos residentes em Portugal protestaram para mostrar ao mundo que os Estados Unidos &#8220;n\u00e3o t\u00eam reis&#8221;.<\/p>\n<p>A <strong>concentra\u00e7\u00e3o aconteceu junto \u00e0 est\u00e1tua equestre de D. Jos\u00e9 I, onde mais de uma centena de participantes empunhavam cartazes e gritavam em coro: &#8220;No kings, no crowns&#8221; (Nem reis, nem coroas, numa tradu\u00e7\u00e3o livre)<\/strong><\/p>\n<p>Uma das cidad\u00e3s presentes na manifesta\u00e7\u00e3o exibia um cartaz rodeado de cinco cravos vermelhos, onde se l\u00ea &#8220;America needs what Portugal knows &#8211; Fight for true liberation&#8221; (A Am\u00e9rica precisa o que Portugal sabe &#8211; Lutar pela verdadeira liberta\u00e7\u00e3o).<\/p>\n<p>Gerry Walkney, de 71 anos, deslocou-se de Set\u00fabal, onde reside h\u00e1 quase dois anos, por ser um &#8220;democrata assumido&#8221; e considerar necess\u00e1rio uma &#8220;grande uni\u00e3o de norte-americanos&#8221; para destronarem o atual Presidente que &#8220;\u00e9 p\u00e9ssimo no cargo e s\u00f3 tem prejudicado o pa\u00eds e o mundo&#8221;.<\/p>\n<p><strong>&#8220;\u00c9 necess\u00e1rio que o Congresso fa\u00e7a alguma coisa para destituir este Presidente, o que n\u00e3o tem acontecido, j\u00e1 que o Congresso nada tem feito&#8221;,<\/strong> sublinhou.<\/p>\n<p>Veja fotos de manifesta\u00e7\u00f5es noutras cidades europeias:<\/p>\n","protected":false},"excerpt":{"rendered":"\u00a0Enquanto isso, Trump passa o fim-de-semana na sua resid\u00eancia de Mar-a-Lago, na Florida, longe do clamor popular. Numa&hellip;\n","protected":false},"author":2,"featured_media":117072,"comment_status":"","ping_status":"","sticky":false,"template":"","format":"standard","meta":{"footnotes":""},"categories":[50],"tags":[27,28,92,413,15,16,14,25,26,21,22,24163,62,12,13,19,20,23,24,4256,17,18,29,30,31,63,64,65],"class_list":{"0":"post-117071","1":"post","2":"type-post","3":"status-publish","4":"format-standard","5":"has-post-thumbnail","7":"category-mundo","8":"tag-breaking-news","9":"tag-breakingnews","10":"tag-donald-trump","11":"tag-eua","12":"tag-featured-news","13":"tag-featurednews","14":"tag-headlines","15":"tag-latest-news","16":"tag-latestnews","17":"tag-main-news","18":"tag-mainnews","19":"tag-manifestacoes","20":"tag-mundo","21":"tag-news","22":"tag-noticias","23":"tag-noticias-principais","24":"tag-noticiasprincipais","25":"tag-principais-noticias","26":"tag-principaisnoticias","27":"tag-protestos","28":"tag-top-stories","29":"tag-topstories","30":"tag-ultimas","31":"tag-ultimas-noticias","32":"tag-ultimasnoticias","33":"tag-world","34":"tag-world-news","35":"tag-worldnews"},"share_on_mastodon":{"url":"","error":""},"_links":{"self":[{"href":"https:\/\/www.europesays.com\/pt\/wp-json\/wp\/v2\/posts\/117071","targetHints":{"allow":["GET"]}}],"collection":[{"href":"https:\/\/www.europesays.com\/pt\/wp-json\/wp\/v2\/posts"}],"about":[{"href":"https:\/\/www.europesays.com\/pt\/wp-json\/wp\/v2\/types\/post"}],"author":[{"embeddable":true,"href":"https:\/\/www.europesays.com\/pt\/wp-json\/wp\/v2\/users\/2"}],"replies":[{"embeddable":true,"href":"https:\/\/www.europesays.com\/pt\/wp-json\/wp\/v2\/comments?post=117071"}],"version-history":[{"count":0,"href":"https:\/\/www.europesays.com\/pt\/wp-json\/wp\/v2\/posts\/117071\/revisions"}],"wp:featuredmedia":[{"embeddable":true,"href":"https:\/\/www.europesays.com\/pt\/wp-json\/wp\/v2\/media\/117072"}],"wp:attachment":[{"href":"https:\/\/www.europesays.com\/pt\/wp-json\/wp\/v2\/media?parent=117071"}],"wp:term":[{"taxonomy":"category","embeddable":true,"href":"https:\/\/www.europesays.com\/pt\/wp-json\/wp\/v2\/categories?post=117071"},{"taxonomy":"post_tag","embeddable":true,"href":"https:\/\/www.europesays.com\/pt\/wp-json\/wp\/v2\/tags?post=117071"}],"curies":[{"name":"wp","href":"https:\/\/api.w.org\/{rel}","templated":true}]}}