{"id":117073,"date":"2025-10-19T09:45:22","date_gmt":"2025-10-19T09:45:22","guid":{"rendered":"https:\/\/www.europesays.com\/pt\/117073\/"},"modified":"2025-10-19T09:45:22","modified_gmt":"2025-10-19T09:45:22","slug":"apoio-a-seguro-e-resultados-das-autarquicas-em-debate-na-comissao-nacional-do-ps","status":"publish","type":"post","link":"https:\/\/www.europesays.com\/pt\/117073\/","title":{"rendered":"Apoio a Seguro e resultados das aut\u00e1rquicas em debate na Comiss\u00e3o Nacional do PS"},"content":{"rendered":"<p>                    A reuni\u00e3o do \u00f3rg\u00e3o m\u00e1ximo do PS entre congressos est\u00e1 marcada para as 15h00, em Penafiel, distrito do Porto &#8211; onde v\u00e3o decorrer as jornadas parlamentares do partido na segunda e ter\u00e7a-feira &#8211; e a interven\u00e7\u00e3o inicial do l\u00edder socialista, Jos\u00e9 Lu\u00eds Carneiro, ser\u00e1 aberta \u00e0 comunica\u00e7\u00e3o social.<\/p>\n<p>O ponto \u00fanico da ordem de trabalhos \u00e9 a an\u00e1lise da situa\u00e7\u00e3o pol\u00edtica, em concreto, o balan\u00e7o das elei\u00e7\u00f5es aut\u00e1rquicas de domingo e as elei\u00e7\u00f5es presidenciais de janeiro do pr\u00f3ximo ano.<\/p>\n<p><b>Jos\u00e9 Lu\u00eds Carneiro e Carlos C\u00e9sar v\u00e3o apresentar \u00e0 comiss\u00e3o uma proposta para que o PS apoie o ex-secret\u00e1rio-geral socialista Ant\u00f3nio Jos\u00e9 Seguro na corrida a Bel\u00e9m para a sucess\u00e3o de Marcelo Rebelo de Sousa.\u00a0<\/b>Os dirigentes do PS v\u00e3o discutir esta proposta e assumir uma posi\u00e7\u00e3o do partido quanto a estas elei\u00e7\u00f5es.<\/p>\n<p>Na semana passada, em rea\u00e7\u00e3o \u00e0 proposta do seu nome pelo secret\u00e1rio-geral e pelo presidente do partido, <b>Ant\u00f3nio Jos\u00e9 Seguro disse tomar \u201cboa nota dessa not\u00edcia\u201d, mas reiterou que tem uma &#8220;candidatura aberta&#8221; porque o presidente da Rep\u00fablica deve estar &#8220;acima dos partidos&#8221;.<\/b><\/p>\n<p>Na agenda da Comiss\u00e3o Pol\u00edtica do PS est\u00e1 tamb\u00e9m a an\u00e1lise os resultados das aut\u00e1rquicas do passado domingo. <b>O partido deixou de ser a principal for\u00e7a pol\u00edtica local, perdeu a lideran\u00e7a da Associa\u00e7\u00e3o Nacional de Munic\u00edpios e falhou as presid\u00eancias de C\u00e2mara de Lisboa e Porto.<\/b><\/p>\n<p>O PS ficou com a presid\u00eancia de 128 c\u00e2maras, duas delas em coliga\u00e7\u00e3o, quando em 2021 tinha 149 c\u00e2maras, uma delas em coliga\u00e7\u00e3o.<\/p>\n<p>&#13;<br \/>\nOs socialistas ficam em Penafiel para as jornadas parlamentares do partido, que decorrem segunda e ter\u00e7a-feira.&#13;\n<\/p>\n<p>&#13;<br \/>\nc\/Lusa&#13;<\/p>\n","protected":false},"excerpt":{"rendered":"A reuni\u00e3o do \u00f3rg\u00e3o m\u00e1ximo do PS entre congressos est\u00e1 marcada para as 15h00, em Penafiel, distrito do&hellip;\n","protected":false},"author":2,"featured_media":117074,"comment_status":"","ping_status":"","sticky":false,"template":"","format":"standard","meta":{"footnotes":""},"categories":[10],"tags":[15187,27,28,27415,15,16,14,25,26,21,22,12,13,19,20,32,5215,23,24,455,33,23034,4591,17,18,29,30,31],"class_list":{"0":"post-117073","1":"post","2":"type-post","3":"status-publish","4":"format-standard","5":"has-post-thumbnail","7":"category-portugal","8":"tag-autarquicas","9":"tag-breaking-news","10":"tag-breakingnews","11":"tag-comissao-nacional","12":"tag-featured-news","13":"tag-featurednews","14":"tag-headlines","15":"tag-latest-news","16":"tag-latestnews","17":"tag-main-news","18":"tag-mainnews","19":"tag-news","20":"tag-noticias","21":"tag-noticias-principais","22":"tag-noticiasprincipais","23":"tag-portugal","24":"tag-presidenciais","25":"tag-principais-noticias","26":"tag-principaisnoticias","27":"tag-ps","28":"tag-pt","29":"tag-seguro","30":"tag-socialistas","31":"tag-top-stories","32":"tag-topstories","33":"tag-ultimas","34":"tag-ultimas-noticias","35":"tag-ultimasnoticias"},"share_on_mastodon":{"url":"","error":""},"_links":{"self":[{"href":"https:\/\/www.europesays.com\/pt\/wp-json\/wp\/v2\/posts\/117073","targetHints":{"allow":["GET"]}}],"collection":[{"href":"https:\/\/www.europesays.com\/pt\/wp-json\/wp\/v2\/posts"}],"about":[{"href":"https:\/\/www.europesays.com\/pt\/wp-json\/wp\/v2\/types\/post"}],"author":[{"embeddable":true,"href":"https:\/\/www.europesays.com\/pt\/wp-json\/wp\/v2\/users\/2"}],"replies":[{"embeddable":true,"href":"https:\/\/www.europesays.com\/pt\/wp-json\/wp\/v2\/comments?post=117073"}],"version-history":[{"count":0,"href":"https:\/\/www.europesays.com\/pt\/wp-json\/wp\/v2\/posts\/117073\/revisions"}],"wp:featuredmedia":[{"embeddable":true,"href":"https:\/\/www.europesays.com\/pt\/wp-json\/wp\/v2\/media\/117074"}],"wp:attachment":[{"href":"https:\/\/www.europesays.com\/pt\/wp-json\/wp\/v2\/media?parent=117073"}],"wp:term":[{"taxonomy":"category","embeddable":true,"href":"https:\/\/www.europesays.com\/pt\/wp-json\/wp\/v2\/categories?post=117073"},{"taxonomy":"post_tag","embeddable":true,"href":"https:\/\/www.europesays.com\/pt\/wp-json\/wp\/v2\/tags?post=117073"}],"curies":[{"name":"wp","href":"https:\/\/api.w.org\/{rel}","templated":true}]}}