{"id":117075,"date":"2025-10-19T09:48:10","date_gmt":"2025-10-19T09:48:10","guid":{"rendered":"https:\/\/www.europesays.com\/pt\/117075\/"},"modified":"2025-10-19T09:48:10","modified_gmt":"2025-10-19T09:48:10","slug":"sbt-tv-bianca-andrade-homenageia-elke-maravilha-em-baile-de-halloween-e-emociona-fas","status":"publish","type":"post","link":"https:\/\/www.europesays.com\/pt\/117075\/","title":{"rendered":"SBT TV | Bianca Andrade homenageia Elke Maravilha em baile de Halloween e emociona f\u00e3s"},"content":{"rendered":"<p data-end=\"625\" data-start=\"221\">Bianca Andrade prestou uma homenagem marcante \u00e0 inesquec\u00edvel Elke Maravilha durante um baile de Halloween realizado neste s\u00e1bado (18), em S\u00e3o Paulo. A influenciadora e empres\u00e1ria surgiu deslumbrante ao incorporar o visual da artista, s\u00edmbolo de liberdade e criatividade na televis\u00e3o brasileira. A produ\u00e7\u00e3o levou cerca de seis horas e encantou os f\u00e3s.<\/p>\n<p data-end=\"625\" data-start=\"221\"><a href=\"https:\/\/tinyurl.com\/sbt285030\" class=\"link_sbttv\" rel=\"nofollow noopener\" target=\"_blank\">+\u00a0Tat\u00e1 Werneck se diverte ap\u00f3s ser confundida com Tata Estaniecki: &#8220;Eu t\u00f4 casada&#8221;<\/a><\/p>\n<p data-end=\"625\" data-start=\"221\"><a href=\"https:\/\/tinyurl.com\/sbt285029\" class=\"link_sbttv\" rel=\"nofollow noopener\" target=\"_blank\">+\u00a0Ana Castela e Z\u00e9 Felipe fazem participa\u00e7\u00e3o especial em show de Leonardo no Paran\u00e1<\/a><\/p>\n<p data-end=\"952\" data-start=\"627\">&#8220;Esse ano o tema era viagem no tempo, e a ideia da Elke veio como um presente. Eu queria escolher algu\u00e9m muito importante pra nossa cultura e que tivesse um elo real comigo. Quando falamos em Elke Maravilha, tudo fez sentido. Ela era uma mulher \u00e0 frente do seu tempo, uma artista, uma entidade, uma for\u00e7a&#8221;, declarou Bianca.<\/p>\n<p data-end=\"1288\" data-start=\"954\">A influenciadora destacou ainda a conex\u00e3o que sente com Elke, especialmente pela forma como ambas usavam a beleza e a moda como express\u00e3o pessoal. &#8220;Assim como eu, ela usava a maquiagem e a moda como uma maneira de ser livre e aut\u00eantica. Essa homenagem \u00e9 uma celebra\u00e7\u00e3o dessa liberdade e da alegria de ser quem a gente \u00e9&#8221;, completou.<\/p>\n<blockquote class=\"instagram-media\" data-instgrm-captioned=\"\" data-instgrm-permalink=\"https:\/\/www.instagram.com\/p\/DP93CW3kgX5\/?utm_source=ig_embed&amp;utm_campaign=loading\" data-instgrm-version=\"14\"\/><p><script async src=\"\/\/www.instagram.com\/embed.js\"><\/script><\/p>\n","protected":false},"excerpt":{"rendered":"Bianca Andrade prestou uma homenagem marcante \u00e0 inesquec\u00edvel Elke Maravilha durante um baile de Halloween realizado neste s\u00e1bado&hellip;\n","protected":false},"author":2,"featured_media":117076,"comment_status":"","ping_status":"","sticky":false,"template":"","format":"standard","meta":{"footnotes":""},"categories":[145],"tags":[520,10073,9048,211,210,114,115,972,13359,32,33,26361,936],"class_list":{"0":"post-117075","1":"post","2":"type-post","3":"status-publish","4":"format-standard","5":"has-post-thumbnail","7":"category-celebridades","8":"tag-andrade","9":"tag-bianca","10":"tag-boca","11":"tag-celebridades","12":"tag-celebrities","13":"tag-entertainment","14":"tag-entretenimento","15":"tag-fofocalizando","16":"tag-halloween","17":"tag-portugal","18":"tag-pt","19":"tag-rosa","20":"tag-sbt"},"share_on_mastodon":{"url":"","error":""},"_links":{"self":[{"href":"https:\/\/www.europesays.com\/pt\/wp-json\/wp\/v2\/posts\/117075","targetHints":{"allow":["GET"]}}],"collection":[{"href":"https:\/\/www.europesays.com\/pt\/wp-json\/wp\/v2\/posts"}],"about":[{"href":"https:\/\/www.europesays.com\/pt\/wp-json\/wp\/v2\/types\/post"}],"author":[{"embeddable":true,"href":"https:\/\/www.europesays.com\/pt\/wp-json\/wp\/v2\/users\/2"}],"replies":[{"embeddable":true,"href":"https:\/\/www.europesays.com\/pt\/wp-json\/wp\/v2\/comments?post=117075"}],"version-history":[{"count":0,"href":"https:\/\/www.europesays.com\/pt\/wp-json\/wp\/v2\/posts\/117075\/revisions"}],"wp:featuredmedia":[{"embeddable":true,"href":"https:\/\/www.europesays.com\/pt\/wp-json\/wp\/v2\/media\/117076"}],"wp:attachment":[{"href":"https:\/\/www.europesays.com\/pt\/wp-json\/wp\/v2\/media?parent=117075"}],"wp:term":[{"taxonomy":"category","embeddable":true,"href":"https:\/\/www.europesays.com\/pt\/wp-json\/wp\/v2\/categories?post=117075"},{"taxonomy":"post_tag","embeddable":true,"href":"https:\/\/www.europesays.com\/pt\/wp-json\/wp\/v2\/tags?post=117075"}],"curies":[{"name":"wp","href":"https:\/\/api.w.org\/{rel}","templated":true}]}}