{"id":117077,"date":"2025-10-19T09:49:16","date_gmt":"2025-10-19T09:49:16","guid":{"rendered":"https:\/\/www.europesays.com\/pt\/117077\/"},"modified":"2025-10-19T09:49:16","modified_gmt":"2025-10-19T09:49:16","slug":"obra-de-picasso-avaliada-em-600-mil-euros-desaparece-a-caminho-de-exposicao","status":"publish","type":"post","link":"https:\/\/www.europesays.com\/pt\/117077\/","title":{"rendered":"Obra de Picasso avaliada em 600 mil euros desaparece a caminho de exposi\u00e7\u00e3o"},"content":{"rendered":"<p class=\"my-5 break-words group-[.isActiveSource]:text-xl\">A pol\u00edcia espanhola est\u00e1 investigando o <strong class=\"group-[.isActiveSource]:text-xl group-[.isActiveSource]:font-bold\">desaparecimento de uma pintura de Pablo Picasso que sumiu durante o transporte para uma exposi\u00e7\u00e3o na Espanha.<\/strong><\/p>\n<p class=\"my-5 break-words group-[.isActiveSource]:text-xl\">A obra <strong class=\"group-[.isActiveSource]:text-xl group-[.isActiveSource]:font-bold\">&#8220;Natureza Morta com Viol\u00e3o&#8221;<\/strong>, uma pintura em guache de 1919, que mede 12,7 cm por 9,8 cm, deveria ser exibida a partir de 9 de outubro, como parte de uma exposi\u00e7\u00e3o tempor\u00e1ria no Centro Cultural CajaGranada, na cidade espanhola de Granada.<\/p>\n<p class=\"my-5 break-words group-[.isActiveSource]:text-xl\">A obra pertence a um colecionador particular e estava segurada em aproximadamente 600 mil euros (aproximadamente R$ 3,7 milh\u00f5es, na cota\u00e7\u00e3o atual), confirmou a Funda\u00e7\u00e3o CajaGranada \u00e0 Reuters na sexta-feira.<\/p>\n<p class=\"my-5 break-words group-[.isActiveSource]:text-xl\">Na sexta-feira anterior \u00e0 inaugura\u00e7\u00e3o da exposi\u00e7\u00e3o, uma van pertencente a uma empresa de transportes chegou ao centro cultural conforme programado para entregar obras vindas de Madri, informou a Funda\u00e7\u00e3o CajaGranada em comunicado na quinta-feira (16).<\/p>\n<p class=\"my-5 break-words group-[.isActiveSource]:text-xl\">Todas as obras foram movidas em um \u00fanico e cont\u00ednuo deslocamento da van para um elevador de carga, que transportou todos os funcion\u00e1rios da empresa de transporte simultaneamente do subsolo para o primeiro andar.<\/p>\n<p class=\"my-5 break-words group-[.isActiveSource]:text-xl\">Os itens foram ent\u00e3o transferidos do elevador para o sal\u00e3o de <a href=\"https:\/\/www.cnnbrasil.com.br\/internacional\/obras-de-picasso-rembrandt-e-goya-podem-ter-sido-perdidas-apos-incendio-em-galeria-nos-eua\/\" target=\"_blank\" rel=\"noopener noreferrer nofollow\" class=\"text-red-600 underline hover:text-red-500 font-medium break-words group-[.isActiveSource]:text-xl\">exposi\u00e7\u00f5es<\/a> sob vigil\u00e2ncia por v\u00eddeo, segundo o comunicado.<\/p>\n<p class=\"my-5 break-words group-[.isActiveSource]:text-xl\">Ap\u00f3s verificar a origem dos diferentes pacotes, o gerente da exposi\u00e7\u00e3o concordou com a empresa de transporte que a entrega seria assinada antes do desempacotamento das pe\u00e7as, programado para a segunda-feira seguinte.<\/p>\n<p class=\"my-5 break-words group-[.isActiveSource]:text-xl\">Os pacotes permaneceram sob vigil\u00e2ncia por v\u00eddeo durante todo o fim de semana, e o desempacotamento come\u00e7ou \u00e0s 8h30 de segunda-feira (13), segundo informou o centro.<\/p>\n<p class=\"my-5 break-words group-[.isActiveSource]:text-xl\">As grava\u00e7\u00f5es foram verificadas e nenhum incidente foi registrado durante o fim de semana, informou a institui\u00e7\u00e3o.<\/p>\n<p class=\"my-5 break-words group-[.isActiveSource]:text-xl\">No meio da manh\u00e3, a equipe da Funda\u00e7\u00e3o CajaGranada havia terminado de desembalar as obras e as posicionado na sala.<\/p>\n<p class=\"my-5 break-words group-[.isActiveSource]:text-xl\">Foi neste momento que o curador da exposi\u00e7\u00e3o e respons\u00e1vel pelas exposi\u00e7\u00f5es percebeu que a <a href=\"https:\/\/www.cnnbrasil.com.br\/lifestyle\/vendedor-de-sucata-encontrou-um-picasso-de-mais-r-36-milhoes-em-porao-na-italia\/\" target=\"_blank\" rel=\"noopener noreferrer nofollow\" class=\"text-red-600 underline hover:text-red-500 font-medium break-words group-[.isActiveSource]:text-xl\">obra de Picasso<\/a> &#8220;Natureza Morta com Viol\u00e3o&#8221;, conhecida em espanhol como &#8220;Naturaleza muerta con guitarra&#8221;, estava desaparecida.<\/p>\n<p class=\"my-5 break-words group-[.isActiveSource]:text-xl\">A funda\u00e7\u00e3o ent\u00e3o comunicou o desaparecimento da obra \u00e0 pol\u00edcia, de acordo com o comunicado.<\/p>\n<p class=\"my-5 break-words group-[.isActiveSource]:text-xl\">As grava\u00e7\u00f5es de v\u00eddeo do fim de semana foram verificadas e nenhum incidente havia ocorrido, segundo informado.<\/p>\n<p class=\"my-5 break-words group-[.isActiveSource]:text-xl\">&#8220;Uma investiga\u00e7\u00e3o est\u00e1 em andamento, e estamos tentando determinar quando e onde a pintura desapareceu&#8221;, disse a pol\u00edcia de Granada em comunicado \u00e0 <strong class=\"group-[.isActiveSource]:text-xl group-[.isActiveSource]:font-bold\">CNN<\/strong> na sexta-feira (17).<\/p>\n<p class=\"my-5 break-words group-[.isActiveSource]:text-xl\">A pol\u00edcia informou que a obra desaparecida foi adicionada ao banco de dados internacional de obras de arte roubadas, mas ressaltou que n\u00e3o h\u00e1 coopera\u00e7\u00e3o policial internacional sendo realizada a partir de Granada no momento.<\/p>\n<p class=\"my-5 break-words group-[.isActiveSource]:text-xl\">Ladr\u00f5es frequentemente t\u00eam como alvo as <a href=\"https:\/\/www.cnnbrasil.com.br\/lifestyle\/herdeiros-de-judeus-querem-obra-de-picasso-vendida-para-fugir-de-nazistas\/\" target=\"_blank\" rel=\"noopener noreferrer nofollow\" class=\"text-red-600 underline hover:text-red-500 font-medium break-words group-[.isActiveSource]:text-xl\">pinturas de Picasso<\/a>, que j\u00e1 chegaram a alcan\u00e7ar US$ 179 milh\u00f5es (cerca de R$ 970 milh\u00f5es, seguindo a cota\u00e7\u00e3o atual) em leil\u00e3o.<\/p>\n<p class=\"my-5 break-words group-[.isActiveSource]:text-xl\">Em 2019, um detetive holand\u00eas especializado em arte recuperou a obra-prima de Picasso &#8220;Retrato de Dora Maar&#8221;, de 1938, avaliada em US$ 28 milh\u00f5es, 20 anos ap\u00f3s ter sido roubada do iate de um xeque saudita na costa sul da Fran\u00e7a.<\/p>\n<p class=\"my-5 break-words group-[.isActiveSource]:text-xl\">Em 2021, a pol\u00edcia grega recuperou &#8220;Cabe\u00e7a de Mulher&#8221; de Picasso e &#8220;Paisagem com Moinho&#8221; de Piet Mondrian, quase uma d\u00e9cada ap\u00f3s terem sido levadas em um ousado roubo na Galeria Nacional de Arte em Atenas.<\/p>\n<p class=\"my-5 break-words group-[.isActiveSource]:text-xl\">E no ano passado, a pol\u00edcia belga encontrou a pintura roubada de Picasso &#8220;T\u00eate&#8221; em um por\u00e3o na cidade de Antu\u00e9rpia.<\/p>\n","protected":false},"excerpt":{"rendered":"A pol\u00edcia espanhola est\u00e1 investigando o desaparecimento de uma pintura de Pablo Picasso que sumiu durante o transporte&hellip;\n","protected":false},"author":2,"featured_media":117078,"comment_status":"","ping_status":"","sticky":false,"template":"","format":"standard","meta":{"footnotes":""},"categories":[144],"tags":[207,205,206,203,201,202,204,114,115,32,33],"class_list":{"0":"post-117077","1":"post","2":"type-post","3":"status-publish","4":"format-standard","5":"has-post-thumbnail","7":"category-arte-e-design","8":"tag-arte","9":"tag-arte-e-design","10":"tag-artedesign","11":"tag-arts","12":"tag-arts-and-design","13":"tag-artsanddesign","14":"tag-design","15":"tag-entertainment","16":"tag-entretenimento","17":"tag-portugal","18":"tag-pt"},"share_on_mastodon":{"url":"","error":""},"_links":{"self":[{"href":"https:\/\/www.europesays.com\/pt\/wp-json\/wp\/v2\/posts\/117077","targetHints":{"allow":["GET"]}}],"collection":[{"href":"https:\/\/www.europesays.com\/pt\/wp-json\/wp\/v2\/posts"}],"about":[{"href":"https:\/\/www.europesays.com\/pt\/wp-json\/wp\/v2\/types\/post"}],"author":[{"embeddable":true,"href":"https:\/\/www.europesays.com\/pt\/wp-json\/wp\/v2\/users\/2"}],"replies":[{"embeddable":true,"href":"https:\/\/www.europesays.com\/pt\/wp-json\/wp\/v2\/comments?post=117077"}],"version-history":[{"count":0,"href":"https:\/\/www.europesays.com\/pt\/wp-json\/wp\/v2\/posts\/117077\/revisions"}],"wp:featuredmedia":[{"embeddable":true,"href":"https:\/\/www.europesays.com\/pt\/wp-json\/wp\/v2\/media\/117078"}],"wp:attachment":[{"href":"https:\/\/www.europesays.com\/pt\/wp-json\/wp\/v2\/media?parent=117077"}],"wp:term":[{"taxonomy":"category","embeddable":true,"href":"https:\/\/www.europesays.com\/pt\/wp-json\/wp\/v2\/categories?post=117077"},{"taxonomy":"post_tag","embeddable":true,"href":"https:\/\/www.europesays.com\/pt\/wp-json\/wp\/v2\/tags?post=117077"}],"curies":[{"name":"wp","href":"https:\/\/api.w.org\/{rel}","templated":true}]}}