{"id":117079,"date":"2025-10-19T09:51:09","date_gmt":"2025-10-19T09:51:09","guid":{"rendered":"https:\/\/www.europesays.com\/pt\/117079\/"},"modified":"2025-10-19T09:51:09","modified_gmt":"2025-10-19T09:51:09","slug":"candido-pereira-arrasa-liliana-o-golpe-esta-ai-cai-quem-quer","status":"publish","type":"post","link":"https:\/\/www.europesays.com\/pt\/117079\/","title":{"rendered":"C\u00e2ndido Pereira arrasa Liliana \u2014 \u201cO golpe est\u00e1 a\u00ed, cai quem quer!\u201d"},"content":{"rendered":"<p>\u201c<a href=\"https:\/\/tvi.iol.pt\/secretstory\" rel=\"nofollow noopener\" target=\"_blank\">Secret Story 9<\/a>\u201d: C\u00e2ndido Pereira arrasa <a href=\"https:\/\/infocul.pt\/secret-story-9-publico-ja-escolheu-liliana-volta-a-ser-a-menos-popular-e-marisa-mantem-o-trono\/\" rel=\"nofollow noopener\" target=\"_blank\">Liliana<\/a> \u2014 \u201cO golpe est\u00e1 a\u00ed, cai quem quer!\u201d, assinalou o comentador.<\/p>\n<p>Tri\u00e2ngulo amoroso volta a agitar a casa<\/p>\n<p>A <strong>casa do Secret Story 9<\/strong> est\u00e1 novamente em ebuli\u00e7\u00e3o. Desta vez, o foco recai sobre <strong>Liliana, F\u00e1bio e Vera<\/strong>, um tri\u00e2ngulo que promete dar muito que falar dentro e fora do programa.<\/p>\n<p>Durante o <strong>\u201cExtra\u201d<\/strong>, o comentador <strong>C\u00e2ndido Pereira<\/strong> n\u00e3o poupou nas palavras ao analisar o comportamento de Liliana, que considera estar a <strong>colocar em risco o jogo de F\u00e1bio<\/strong> e a agir de forma pouco estrat\u00e9gica.<\/p>\n<p>\u201cO golpe est\u00e1 a\u00ed, cai quem quer\u201d<\/p>\n<p>C\u00e2ndido Pereira come\u00e7ou por ser direto na cr\u00edtica, afirmando que Liliana est\u00e1 a jogar com fogo:<br \/><strong>\u201cO golpe est\u00e1 a\u00ed, cai quem quer. \u00c9 o que a Liliana est\u00e1 a fazer ao F\u00e1bio.\u201d<\/strong><\/p>\n<p>Segundo o comentador, a concorrente tem revelado demasiado aos colegas sobre o segredo de F\u00e1bio, que poder\u00e1 estar ligado a um passado com <strong>Vera<\/strong>, e isso est\u00e1 a afetar a din\u00e2mica do casal dentro da casa.<\/p>\n<p><strong>\u201cEla n\u00e3o lhe est\u00e1 a proteger. Se gosta dele, ou tem uma atra\u00e7\u00e3o, ou quer dar o sinal de consentimento, n\u00e3o sei\u2026 com ele, devia proteg\u00ea-lo. E depois, n\u00e3o devia andar a partilhar as suas teorias com os outros, muito menos sobre o segredo do F\u00e1bio.\u201d<\/strong>, apontou.<\/p>\n<p>\u201cLiliana devia ser uma jogadora independente\u201d<\/p>\n<p>O comentador foi ainda mais longe ao afirmar que Liliana precisa de ser mais estrat\u00e9gica e menos emocional.<br \/><strong>\u201cEla tem de ser uma jogadora independente, inteligente. Que tente ganhar dinheiro com uma miss\u00e3o, sei l\u00e1, que fa\u00e7a o pino para isso! Agora andar a partilhar teorias com os outros n\u00e3o \u00e9 nada inteligente. Est\u00e1 a expor o F\u00e1bio e a prejudicar o pr\u00f3prio jogo.\u201d<\/strong><\/p>\n<p>No final, C\u00e2ndido foi taxativo ao classificar o desempenho da concorrente:<br \/><strong>\u201cNeste momento, a Liliana est\u00e1 a ser muito poucaxinha.\u201d<\/strong><\/p>\n<p>Diana Lopes tamb\u00e9m critica Liliana<\/p>\n<p>Mas C\u00e2ndido n\u00e3o foi o \u00fanico a comentar o tema. <strong>Diana Lopes<\/strong> tamb\u00e9m deixou a sua an\u00e1lise, destacando que o comportamento de Liliana \u00e9 previs\u00edvel e calculado.<br \/><strong>\u201cAquilo que mais me preocupa nem \u00e9 a Liliana, porque ela j\u00e1 n\u00e3o me consegue surpreender. \u00c9 um jogo sistem\u00e1tico, calculado. Ela n\u00e3o d\u00e1 ponto sem n\u00f3 e vai usar isto a seu favor.\u201d<\/strong>, afirmou.<\/p>\n<p>\u201cF\u00e1bio protege sempre a Liliana, mas apaga-se\u201d<\/p>\n<p>Sobre <strong>F\u00e1bio<\/strong>, Diana deixou um misto de elogio e aviso. Apesar de reconhecer o lado mais emocional do concorrente, considera que ele tem deixado de lado o seu pr\u00f3prio jogo.<br \/><strong>\u201cGosto do lado mais emocional dele. Ele protege sempre a Liliana, tenta sempre p\u00f4-la em primeiro lugar. Mas acaba por se ofuscar muito, e isso \u00e9 culpa dele. N\u00e3o \u00e9 a Liliana que tem de comandar o jogo, ele \u00e9 que precisa de marcar a sua posi\u00e7\u00e3o.\u201d<\/strong><\/p>\n<p><a href=\"https:\/\/news.google.com\/publications\/CAAqBwgKMKfIoAswtNK4Aw\" target=\"_blank\" rel=\"noopener noreferrer nofollow\"><img loading=\"lazy\" data-lazyloaded=\"1\" width=\"481\" height=\"161\" decoding=\"async\" src=\"\/wp-content\/uploads\/2024\/02\/GN_siganos.png\" alt=\"Siga-nos no Google News\" style=\"margin-top:20px;\"\/><\/a><\/p>\n","protected":false},"excerpt":{"rendered":"\u201cSecret Story 9\u201d: C\u00e2ndido Pereira arrasa Liliana \u2014 \u201cO golpe est\u00e1 a\u00ed, cai quem quer!\u201d, assinalou o comentador.&hellip;\n","protected":false},"author":2,"featured_media":111034,"comment_status":"","ping_status":"","sticky":false,"template":"","format":"standard","meta":{"footnotes":""},"categories":[142],"tags":[15374,2632,558,114,115,32,33,151],"class_list":{"0":"post-117079","1":"post","2":"type-post","3":"status-publish","4":"format-standard","5":"has-post-thumbnail","7":"category-tv","8":"tag-candido-pereira","9":"tag-casa-dos-segredos","10":"tag-diana-lopes","11":"tag-entertainment","12":"tag-entretenimento","13":"tag-portugal","14":"tag-pt","15":"tag-tv"},"share_on_mastodon":{"url":"","error":""},"_links":{"self":[{"href":"https:\/\/www.europesays.com\/pt\/wp-json\/wp\/v2\/posts\/117079","targetHints":{"allow":["GET"]}}],"collection":[{"href":"https:\/\/www.europesays.com\/pt\/wp-json\/wp\/v2\/posts"}],"about":[{"href":"https:\/\/www.europesays.com\/pt\/wp-json\/wp\/v2\/types\/post"}],"author":[{"embeddable":true,"href":"https:\/\/www.europesays.com\/pt\/wp-json\/wp\/v2\/users\/2"}],"replies":[{"embeddable":true,"href":"https:\/\/www.europesays.com\/pt\/wp-json\/wp\/v2\/comments?post=117079"}],"version-history":[{"count":0,"href":"https:\/\/www.europesays.com\/pt\/wp-json\/wp\/v2\/posts\/117079\/revisions"}],"wp:featuredmedia":[{"embeddable":true,"href":"https:\/\/www.europesays.com\/pt\/wp-json\/wp\/v2\/media\/111034"}],"wp:attachment":[{"href":"https:\/\/www.europesays.com\/pt\/wp-json\/wp\/v2\/media?parent=117079"}],"wp:term":[{"taxonomy":"category","embeddable":true,"href":"https:\/\/www.europesays.com\/pt\/wp-json\/wp\/v2\/categories?post=117079"},{"taxonomy":"post_tag","embeddable":true,"href":"https:\/\/www.europesays.com\/pt\/wp-json\/wp\/v2\/tags?post=117079"}],"curies":[{"name":"wp","href":"https:\/\/api.w.org\/{rel}","templated":true}]}}