{"id":117090,"date":"2025-10-19T09:59:20","date_gmt":"2025-10-19T09:59:20","guid":{"rendered":"https:\/\/www.europesays.com\/pt\/117090\/"},"modified":"2025-10-19T09:59:20","modified_gmt":"2025-10-19T09:59:20","slug":"o-que-esta-em-causa-2","status":"publish","type":"post","link":"https:\/\/www.europesays.com\/pt\/117090\/","title":{"rendered":"o que est\u00e1 em causa?"},"content":{"rendered":"<p>O Governo pretende recuperar a jornada cont\u00ednua e alarg\u00e1-la ao setor privado, permitindo aos trabalhadores sair mais cedo do trabalho. A medida, que reduz a pausa de almo\u00e7o para meia hora \u2014 considerada tempo de trabalho \u2014, poder\u00e1 antecipar a sa\u00edda di\u00e1ria at\u00e9 uma hora. <\/p>\n<p>A ministra do Trabalho, Ros\u00e1rio Palma Ramalho, explicou esta sexta-feira ao \u2018Jornal de Neg\u00f3cios\u2019 que esta proposta visa facilitar a concilia\u00e7\u00e3o entre a vida profissional e familiar, numa altura em que o Executivo rev\u00ea de forma transversal o C\u00f3digo do Trabalho.<\/p>\n<p>De acordo com a publica\u00e7\u00e3o, o regime j\u00e1 existe na Administra\u00e7\u00e3o P\u00fablica e poder\u00e1 agora ser estendido a empresas privadas, mediante negocia\u00e7\u00e3o com os parceiros sociais. A configura\u00e7\u00e3o exata ainda n\u00e3o est\u00e1 definida, incluindo se depender\u00e1 de acordo entre trabalhador e empregador, mas a ministra garante que a medida \u00e9 aplic\u00e1vel a \u201ctrabalhadores e trabalhadoras\u201d, evitando os \u201cefeitos perversos\u201d que reca\u00edam apenas sobre as mulheres em situa\u00e7\u00f5es como a dispensa para amamenta\u00e7\u00e3o.<\/p>\n<p>Ros\u00e1rio Palma Ramalho recusa, contudo, \u201cgrandes ced\u00eancias\u201d noutras mat\u00e9rias da reforma laboral, sobretudo na \u00e1rea da parentalidade. A ministra defendeu que o objetivo \u00e9 refor\u00e7ar o equil\u00edbrio entre flexibilidade e prote\u00e7\u00e3o laboral, sem abdicar das \u201clinhas mestras\u201d do anteprojeto.<\/p>\n<p>O pacote legislativo em discuss\u00e3o inclui tamb\u00e9m altera\u00e7\u00f5es \u00e0s regras dos despedimentos il\u00edcitos, ao alargamento das causas de despedimento e ao regime das f\u00e9rias. O Governo est\u00e1 a analisar propostas de associa\u00e7\u00f5es patronais e sindicais, mas sublinha que o anteprojeto passar\u00e1 a proposta de lei \u201ccomo est\u00e1\u201d, caso n\u00e3o haja consenso em concerta\u00e7\u00e3o social.<\/p>\n<p>No caso dos despedimentos, a ministra esclareceu que n\u00e3o ser\u00e1 eliminada a reintegra\u00e7\u00e3o autom\u00e1tica em todos os casos, mas limitada a micro, pequenas e m\u00e9dias empresas, ficando a decis\u00e3o final nas m\u00e3os dos tribunais.<\/p>\n<p>A proposta de revis\u00e3o do C\u00f3digo do Trabalho \u2014 que abrange nove diplomas legais e centenas de artigos \u2014 ser\u00e1 agora negociada com os parceiros sociais, com o Governo a defender que a introdu\u00e7\u00e3o da jornada cont\u00ednua constitui um passo relevante na moderniza\u00e7\u00e3o das rela\u00e7\u00f5es laborais e na melhoria do equil\u00edbrio entre trabalho e vida pessoal.<\/p>\n","protected":false},"excerpt":{"rendered":"O Governo pretende recuperar a jornada cont\u00ednua e alarg\u00e1-la ao setor privado, permitindo aos trabalhadores sair mais cedo&hellip;\n","protected":false},"author":2,"featured_media":117091,"comment_status":"","ping_status":"","sticky":false,"template":"","format":"standard","meta":{"footnotes":""},"categories":[50],"tags":[27,28,15,16,14,25,26,21,22,62,12,13,19,20,23,24,17,18,29,30,31,63,64,65],"class_list":{"0":"post-117090","1":"post","2":"type-post","3":"status-publish","4":"format-standard","5":"has-post-thumbnail","7":"category-mundo","8":"tag-breaking-news","9":"tag-breakingnews","10":"tag-featured-news","11":"tag-featurednews","12":"tag-headlines","13":"tag-latest-news","14":"tag-latestnews","15":"tag-main-news","16":"tag-mainnews","17":"tag-mundo","18":"tag-news","19":"tag-noticias","20":"tag-noticias-principais","21":"tag-noticiasprincipais","22":"tag-principais-noticias","23":"tag-principaisnoticias","24":"tag-top-stories","25":"tag-topstories","26":"tag-ultimas","27":"tag-ultimas-noticias","28":"tag-ultimasnoticias","29":"tag-world","30":"tag-world-news","31":"tag-worldnews"},"share_on_mastodon":{"url":"","error":""},"_links":{"self":[{"href":"https:\/\/www.europesays.com\/pt\/wp-json\/wp\/v2\/posts\/117090","targetHints":{"allow":["GET"]}}],"collection":[{"href":"https:\/\/www.europesays.com\/pt\/wp-json\/wp\/v2\/posts"}],"about":[{"href":"https:\/\/www.europesays.com\/pt\/wp-json\/wp\/v2\/types\/post"}],"author":[{"embeddable":true,"href":"https:\/\/www.europesays.com\/pt\/wp-json\/wp\/v2\/users\/2"}],"replies":[{"embeddable":true,"href":"https:\/\/www.europesays.com\/pt\/wp-json\/wp\/v2\/comments?post=117090"}],"version-history":[{"count":0,"href":"https:\/\/www.europesays.com\/pt\/wp-json\/wp\/v2\/posts\/117090\/revisions"}],"wp:featuredmedia":[{"embeddable":true,"href":"https:\/\/www.europesays.com\/pt\/wp-json\/wp\/v2\/media\/117091"}],"wp:attachment":[{"href":"https:\/\/www.europesays.com\/pt\/wp-json\/wp\/v2\/media?parent=117090"}],"wp:term":[{"taxonomy":"category","embeddable":true,"href":"https:\/\/www.europesays.com\/pt\/wp-json\/wp\/v2\/categories?post=117090"},{"taxonomy":"post_tag","embeddable":true,"href":"https:\/\/www.europesays.com\/pt\/wp-json\/wp\/v2\/tags?post=117090"}],"curies":[{"name":"wp","href":"https:\/\/api.w.org\/{rel}","templated":true}]}}