{"id":117092,"date":"2025-10-19T10:00:56","date_gmt":"2025-10-19T10:00:56","guid":{"rendered":"https:\/\/www.europesays.com\/pt\/117092\/"},"modified":"2025-10-19T10:00:56","modified_gmt":"2025-10-19T10:00:56","slug":"megaoperacao-da-gnr-em-agueda-resulta-em-sete-detencoes-e-diversas-apreensoes","status":"publish","type":"post","link":"https:\/\/www.europesays.com\/pt\/117092\/","title":{"rendered":"Megaopera\u00e7\u00e3o da GNR em \u00c1gueda resulta em sete deten\u00e7\u00f5es e diversas apreens\u00f5es"},"content":{"rendered":"<p>Uma megaopera\u00e7\u00e3o de fiscaliza\u00e7\u00e3o levada a cabo pela GNR no IC2, na zona de Ser\u00e9m, \u00c1gueda, culminou, esta sexta-feira, em sete deten\u00e7\u00f5es em flagrante delito, entre as quais duas por tr\u00e1fico de estupefacientes. A a\u00e7\u00e3o visou o controlo rodovi\u00e1rio e a inspe\u00e7\u00e3o de estabelecimentos na regi\u00e3o, tendo mobilizado um vasto contingente de meios operacionais.<\/p>\n<p>Ao todo, foram fiscalizados 230 condutores, resultando na dete\u00e7\u00e3o de 35 infra\u00e7\u00f5es rodovi\u00e1rias. A opera\u00e7\u00e3o permitiu ainda a apreens\u00e3o de subst\u00e2ncias estupefacientes, uma arma e tr\u00eas viaturas.<\/p>\n<p>Paralelamente \u00e0 fiscaliza\u00e7\u00e3o rodovi\u00e1ria, a GNR procedeu \u00e0 verifica\u00e7\u00e3o de diversos estabelecimentos comerciais, no \u00e2mbito de a\u00e7\u00f5es conjuntas de preven\u00e7\u00e3o e combate \u00e0 criminalidade.<\/p>\n<p>No terreno estiveram cerca de 50 militares, pertencentes a v\u00e1rias val\u00eancias da Guarda: Posto Territorial de \u00c1gueda, Equipas de Interven\u00e7\u00e3o R\u00e1pida, bin\u00f3mios cinot\u00e9cnicos, N\u00facleo de Investiga\u00e7\u00e3o Criminal (NIC), Sec\u00e7\u00e3o de Preven\u00e7\u00e3o Criminal e Policiamento Comunit\u00e1rio (SPC) e SEPNA.<\/p>\n<p>Esta opera\u00e7\u00e3o, planeada para um dos principais eixos vi\u00e1rios do concelho, teve como objetivo refor\u00e7ar a seguran\u00e7a, detetar comportamentos il\u00edcitos e prevenir a criminalidade, numa a\u00e7\u00e3o de grande visibilidade e impacto junto da popula\u00e7\u00e3o.<\/p>\n","protected":false},"excerpt":{"rendered":"Uma megaopera\u00e7\u00e3o de fiscaliza\u00e7\u00e3o levada a cabo pela GNR no IC2, na zona de Ser\u00e9m, \u00c1gueda, culminou, esta&hellip;\n","protected":false},"author":2,"featured_media":117093,"comment_status":"","ping_status":"","sticky":false,"template":"","format":"standard","meta":{"footnotes":""},"categories":[10],"tags":[27,28,15,16,14,25,26,21,22,12,13,19,20,32,23,24,33,17,18,29,30,31],"class_list":{"0":"post-117092","1":"post","2":"type-post","3":"status-publish","4":"format-standard","5":"has-post-thumbnail","7":"category-portugal","8":"tag-breaking-news","9":"tag-breakingnews","10":"tag-featured-news","11":"tag-featurednews","12":"tag-headlines","13":"tag-latest-news","14":"tag-latestnews","15":"tag-main-news","16":"tag-mainnews","17":"tag-news","18":"tag-noticias","19":"tag-noticias-principais","20":"tag-noticiasprincipais","21":"tag-portugal","22":"tag-principais-noticias","23":"tag-principaisnoticias","24":"tag-pt","25":"tag-top-stories","26":"tag-topstories","27":"tag-ultimas","28":"tag-ultimas-noticias","29":"tag-ultimasnoticias"},"share_on_mastodon":{"url":"","error":""},"_links":{"self":[{"href":"https:\/\/www.europesays.com\/pt\/wp-json\/wp\/v2\/posts\/117092","targetHints":{"allow":["GET"]}}],"collection":[{"href":"https:\/\/www.europesays.com\/pt\/wp-json\/wp\/v2\/posts"}],"about":[{"href":"https:\/\/www.europesays.com\/pt\/wp-json\/wp\/v2\/types\/post"}],"author":[{"embeddable":true,"href":"https:\/\/www.europesays.com\/pt\/wp-json\/wp\/v2\/users\/2"}],"replies":[{"embeddable":true,"href":"https:\/\/www.europesays.com\/pt\/wp-json\/wp\/v2\/comments?post=117092"}],"version-history":[{"count":0,"href":"https:\/\/www.europesays.com\/pt\/wp-json\/wp\/v2\/posts\/117092\/revisions"}],"wp:featuredmedia":[{"embeddable":true,"href":"https:\/\/www.europesays.com\/pt\/wp-json\/wp\/v2\/media\/117093"}],"wp:attachment":[{"href":"https:\/\/www.europesays.com\/pt\/wp-json\/wp\/v2\/media?parent=117092"}],"wp:term":[{"taxonomy":"category","embeddable":true,"href":"https:\/\/www.europesays.com\/pt\/wp-json\/wp\/v2\/categories?post=117092"},{"taxonomy":"post_tag","embeddable":true,"href":"https:\/\/www.europesays.com\/pt\/wp-json\/wp\/v2\/tags?post=117092"}],"curies":[{"name":"wp","href":"https:\/\/api.w.org\/{rel}","templated":true}]}}