{"id":117094,"date":"2025-10-19T10:03:09","date_gmt":"2025-10-19T10:03:09","guid":{"rendered":"https:\/\/www.europesays.com\/pt\/117094\/"},"modified":"2025-10-19T10:03:09","modified_gmt":"2025-10-19T10:03:09","slug":"longa-foi-elogiado-por-julia-roberts","status":"publish","type":"post","link":"https:\/\/www.europesays.com\/pt\/117094\/","title":{"rendered":"longa foi elogiado por Julia Roberts"},"content":{"rendered":"\n<p class=\" content-text__container theme-color-primary-first-letter\" data-track-category=\"Link no Texto\" data-track-links=\"\"> A cineasta brasileira Marianna Brennand conduzir\u00e1, na pr\u00f3xima segunda-feira (20), em Los Angeles, um semin\u00e1rio ap\u00f3s exibi\u00e7\u00e3o de seu filme &#8220;Manas&#8221; no no AFI Conservatory do American Film Institute, local que j\u00e1 recebeu nomes como Martin Scorsese, Sofia Coppola, Guillermo del Toro e Paul Thomas Anderson. <\/p>\n<ul class=\"content-unordered-list\">\n<li><strong>Uma visita \u00e0 Regi\u00e3o Amaz\u00f4nica que serviu de loca\u00e7\u00e3o para &#8216;Manas&#8217;:<\/strong> <a class=\"\" href=\"https:\/\/oglobo.globo.com\/cultura\/noticia\/2025\/05\/04\/uma-visita-a-regiao-amazonica-que-serviu-de-locacao-para-manas-filme-incomodo-que-ja-ganhou-mais-de-20-premios-pelo-mundo.ghtml\" rel=\"nofollow noopener\" target=\"_blank\">filme inc\u00f4modo que j\u00e1 ganhou mais de 20 pr\u00eamios pelo mundo<\/a><\/li>\n<li><strong>O que \u00e9 arte? <\/strong><a class=\"\" href=\"https:\/\/oglobo.globo.com\/cultura\/noticia\/2025\/10\/18\/artista-italiano-vende-escultura-invisivel-por-r-87-mil.ghtml\" rel=\"nofollow noopener\" target=\"_blank\">Artista italiano vende escultura invis\u00edvel por R$ 87 mil<\/a><\/li>\n<\/ul>\n<p class=\" content-text__container \" data-track-category=\"Link no Texto\" data-track-links=\"\"> O convite \u00e9 fruto do sucesso da carreira internacional do longa-metragem, que estreou no Festival de Veneza, em 2024, e j\u00e1 abocanhou 36 pr\u00eamios. <\/p>\n<p class=\" content-text__container \" data-track-category=\"Link no Texto\" data-track-links=\"\"> A hist\u00f3ria de &#8220;Manas&#8221; gira em torno de uma jovem de 13 anos, moradora da Ilha de Maraj\u00f3, no Par\u00e1, que decide confrontar a engrenagem violenta que rege sua fam\u00edlia e as mulheres da comunidade. <\/p>\n<p class=\" content-text__container \" data-track-category=\"Link no Texto\" data-track-links=\"\"> O filme, que tem produ\u00e7\u00e3o executiva do ator Sean Penn e do cineasta Walter Salles, entre outros, representar\u00e1 o Brasil na disputa por uma vaga para o Pr\u00eamio Goya, conhecido por ser o Oscar espanhol. &#8216;Manas&#8217; foi elogiado por Julia Roberts, que o escreveu como &#8220;uma afirma\u00e7\u00e3o da vida de uma forma t\u00e3o triste, linda e m\u00e1gica&#8221;. <\/p>\n<ul class=\"content-unordered-list\">\n<li><strong>Crise de abstin\u00eancia? <\/strong><a class=\"\" href=\"https:\/\/oglobo.globo.com\/cultura\/noticia\/2025\/10\/18\/crise-de-abstinencia-apos-fim-de-vale-tudo-fas-ja-saudosos-vao-atras-da-versao-original.ghtml\" rel=\"nofollow noopener\" target=\"_blank\">Ap\u00f3s fim de &#8216;Vale tudo&#8217;, f\u00e3s j\u00e1 saudosos v\u00e3o atr\u00e1s da vers\u00e3o original<\/a><\/li>\n<li><strong>Se Odete &#8216;sempre volta&#8217;&#8230; <\/strong><a class=\"\" href=\"https:\/\/oglobo.globo.com\/cultura\/noticia\/2025\/10\/18\/se-odete-sempre-volta-heleninha-tambem-pode-ressurgir-desses-personagens-que-vao-passar-em-outra-novela-tipo-jamanta-diz-paola-oliveira.ghtml\" rel=\"nofollow noopener\" target=\"_blank\">Heleninha tamb\u00e9m pode ressurgir: &#8216;Desses personagens que v\u00e3o passar em outra novela, tipo Jamanta&#8217;, diz Paolla Oliveira<\/a><\/li>\n<\/ul>\n<p class=\" content-text__container \" data-track-category=\"Link no Texto\" data-track-links=\"\"> Marianna contou ao GLOBO que o maior desafio foi fazer um filme sobre abuso sem trazer mais viol\u00eancia. <\/p>\n<p class=\" content-text__container \" data-track-category=\"Link no Texto\" data-track-links=\"\"> Confira abaixo entrevista com a cineasta: <\/p>\n<p class=\" content-text__container \" data-track-category=\"Link no Texto\" data-track-links=\"\"> <strong>Precisamos falar sobre a abuso. Mas, na pr\u00e1tica, n\u00e3o \u00e9 nada f\u00e1cil&#8230; <\/strong> <\/p>\n<p class=\" content-text__container \" data-track-category=\"Link no Texto\" data-track-links=\"\"> O maior desafio foi fazer um filme sobre abuso que n\u00e3o trouxesse mais viol\u00eancia. A fic\u00e7\u00e3o abriu portas para construir personagens complexos e n\u00e3o tratar nada superficialmente. Foram 10 anos de pesquisa. Todas as viol\u00eancias s\u00e3o silenciadas por quem faz e por quem sofre. D\u00e1 vergonha, medo, algumas mulheres nem entendem que est\u00e3o sofrendo viol\u00eancia. Outras, s\u00e3o amea\u00e7adas. \u00c0s vezes, contava sobre o projeto e diziam: &#8220;Ai, n\u00e3o quero saber&#8221;. Tem gente que n\u00e3o quer nem olhar. <\/p>\n<p class=\" content-text__container \" data-track-category=\"Link no Texto\" data-track-links=\"\"> <strong>Em nenhum momento, o filme mostra o abuso em si, n\u00e3o h\u00e1 cena expositiva sexual. \u00c9 o resultado do olhar feminino, mas tamb\u00e9m da busca para trazer o espectador? <\/strong> <\/p>\n<p class=\" content-text__container \" data-track-category=\"Link no Texto\" data-track-links=\"\"> Tudo foi constru\u00eddo dentro da op\u00e7\u00e3o de n\u00e3o mostrar a viol\u00eancia gr\u00e1fica, o abuso em si. Assim como era inadmiss\u00edvel qualquer olhar sexualizado sobre o corpo da menina. Sim, ansiava pela conex\u00e3o com o espectador, que ele sa\u00edsse transformado, com vontade de mudar a realidade, gerar debate para que a sociedade apoie mulheres, brigue por pol\u00edticas p\u00fablicas e por um judici\u00e1rio que ofere\u00e7a acolhimento para a mulher denunciar. <\/p>\n<p class=\" content-text__container \" data-track-category=\"Link no Texto\" data-track-links=\"\"> <strong>A perspectiva feminina conduziu a narrativa e o set de filmagem. <\/strong> <\/p>\n<p class=\" content-text__container \" data-track-category=\"Link no Texto\" data-track-links=\"\"> &#8220;Manas&#8221; \u00e9 sobre as viol\u00eancias que vivemos pelo olhar da mulher. Oportunidade de debater como nossos corpos e narrativas est\u00e3o sendo representados, contar uma hist\u00f3ria terr\u00edvel com \u00e9tica, usando a gram\u00e1tica do cinema a favor. N\u00e3o tem trilha sonora, a constru\u00e7\u00e3o da linguagem fotogr\u00e1fica \u00e9 sensorial, a atua\u00e7\u00e3o \u00e9 seca. A preocupa\u00e7\u00e3o era n\u00e3o estetizar, embelezar a viol\u00eancia. N\u00e3o queria que nada tirasse o espectador da Marcielle, que sua emo\u00e7\u00e3o estivesse conectada \u00e0 dela, como se estivesse vendo a vida se desenrolar, sentindo a urg\u00eancia dessa viol\u00eancia. <\/p>\n<p class=\" content-text__container \" data-track-category=\"Link no Texto\" data-track-links=\"\"> <strong>Que cuidados tomou com a equipe e as atrizes crian\u00e7as? <\/strong> <\/p>\n<p class=\" content-text__container \" data-track-category=\"Link no Texto\" data-track-links=\"\"> Todo mundo ali tinha a sensa\u00e7\u00e3o de um prop\u00f3sito. Muitos viveram abuso moral, emocional, ass\u00e9dio sexual. As crian\u00e7as n\u00e3o leram o roteiro. Fizemos uma prepara\u00e7\u00e3o de um m\u00eas, com conversa e brincadeiras para entender o n\u00edvel de maturidade emocional, os diferentes est\u00e1gios de experi\u00eancias de vida e como se sentiam confort\u00e1veis em participar. Tudo para preservar a integridade emocional, psicol\u00f3gica e f\u00edsica das crian\u00e7as. <\/p>\n<p class=\" content-text__container \" data-track-category=\"Link no Texto\" data-track-links=\"\"> Os pais sabiam do que se tratava o filme. \u00c9 uma realidade pr\u00f3xima deles. Todos tinham ou conheciam algu\u00e9m que havia passado por uma experi\u00eancia. \u00c0s crian\u00e7as, s\u00f3 d\u00e1vamos informa\u00e7\u00f5es necess\u00e1rias para conduzir as cenas. Trabalh\u00e1vamos os di\u00e1logos, a g\u00eanese, o significado das cenas trazendo o lado simb\u00f3lico. O norte era jamais fazer com que essa menina precisasse passar por sensa\u00e7\u00f5es e sentimentos que n\u00e3o eram necess\u00e1rios. Usamos artif\u00edcios como a m\u00fasica para alcan\u00e7ar o estado de emo\u00e7\u00e3o sem precisar trazer \u00e0 tona o que estava acontecendo. <\/p>\n<p class=\" content-text__container \" data-track-category=\"Link no Texto\" data-track-links=\"\"> <strong>Est\u00e1 tudo no corpo da protagonista, que come\u00e7a brincando de boneca, feliz e, ap\u00f3s o abuso, se torna retra\u00edda, se fecha para o mundo. \u00c9 uma perspectiva muito de dentro da situa\u00e7\u00e3o.<\/strong> <\/p>\n<p class=\" content-text__container \" data-track-category=\"Link no Texto\" data-track-links=\"\"> A equipe do filme \u00e9 99% feminina. Infelizmente, todas n\u00f3s j\u00e1 vivemos algum tipo de viol\u00eancia. Emocional, sexual, psicol\u00f3gica, moral. Conseguimos nos colocar ali, sabemos as consequ\u00eancias dos abusos. No corpo, na alma. Trabalhei com minha psicanalista para desenhar um perfil psicol\u00f3gico bebendo em situa\u00e7\u00f5es que j\u00e1 tinha vivido e pesquisando como essas viol\u00eancias imprimem no corpo. Na hora em que o pai a abra\u00e7a (a protagonista), ela faz xixi. Geralmente, representa\u00e7\u00f5es de abuso s\u00e3o na vis\u00e3o do abusador ou de um tribunal. Esse \u00e9 o nosso ponto de vista. Vamos vendo essa menina secando por dentro \u00e0 medida em que a viol\u00eancia acontece, nas rea\u00e7\u00f5es emocionais, no f\u00edsico dela, que vai virando uma conchinha, come\u00e7a a ter olheiras. <\/p>\n<p class=\" content-text__container \" data-track-category=\"Link no Texto\" data-track-links=\"\"> <strong>A cena em que ela pede desculpas \u00e0 m\u00e3e, que est\u00e1 com raiva da filha por ci\u00fame do marido, mostra como s\u00e3o camadas de crueldade com as envolvidas numa situa\u00e7\u00e3o de abuso&#8230;<\/strong> <\/p>\n<p class=\" content-text__container \" data-track-category=\"Link no Texto\" data-track-links=\"\"> A gente quase julga ela e, \u00e0 medida em que revela sua hist\u00f3ria, entendemos que tamb\u00e9m passou por aquilo, e a m\u00e3e dela tamb\u00e9m. S\u00e3o gera\u00e7\u00f5es de mulheres violentadas que n\u00e3o t\u00eam para onde ir, n\u00e3o conhecem outra realidade. O abuso coloca a v\u00edtima e o entorno num lugar cruel. Vi muitos relatos de m\u00e3es com ci\u00fames da filha. Algumas, v\u00e3o \u00e0 delegacia retirar queixa porque acham que precisam desse homem. <\/p>\n<p class=\" content-text__container \" data-track-category=\"Link no Texto\" data-track-links=\"\"> Queria que essas nuances fossem sinalizadas para refletir sobre as consequ\u00eancias s\u00e9rias do abuso, que deixa v\u00edtimas ref\u00e9ns de v\u00e1rias maneiras. Era importante que o pai n\u00e3o fosse o clich\u00ea do homem violento, que duvidassem que ele seria capaz de fazer aquilo. A maior parte dos abusadores n\u00e3o s\u00e3o monstros, psicopatas. \u00c9 gente em que se confia. Assim, conseguem se manter abusando, porque a nossa sociedade permite que sigam impunes. Quando uma menina tem a coragem de falar para a m\u00e3e ou tia, muitas vezes, \u00e9 desacreditada. <\/p>\n<p class=\" content-text__container \" data-track-category=\"Link no Texto\" data-track-links=\"\"> <strong>Durante esse processo, o que mais te tocou, provocou crise de choro, paralisia ou certeza de que deveria seguir? <\/strong> <\/p>\n<p class=\" content-text__container \" data-track-category=\"Link no Texto\" data-track-links=\"\"> H\u00e1 hist\u00f3rias que sangram em mim at\u00e9 hoje. Que gostaria de n\u00e3o saber ou precisar lembrar. Mas \u00e9 justamente por isso que o filme existe. N\u00e3o podem continuar acontecendo. Imaginar uma crian\u00e7a de seis anos sendo abusada por um tripulante em troca de um prato de comida, do Diesel que abastece o gerador da casa ou permite que aquela fam\u00edlia se locomova pela regi\u00e3o&#8230; Foram in\u00fameras viagens por Maraj\u00f3, percorrendo o gigante Rio Tajapuru. O filme mostra essa fragilidade de ser muito pequeno dentro daquele rio, a sensa\u00e7\u00e3o de que essas crian\u00e7as e mulheres n\u00e3o t\u00eam para onde correr. N\u00e3o se consegue atravessar a nado, sair correndo e pedir ajuda. A natureza poderosa e abundante tamb\u00e9m oprime. <\/p>\n<p class=\" content-text__container \" data-track-category=\"Link no Texto\" data-track-links=\"\"> <strong>Quais as consequ\u00eancias de fazer um filme como esse em voc\u00ea? Se tornou outra mulher? Impactou na escolha dos seus pr\u00f3ximos projetos? <\/strong> <\/p>\n<p class=\" content-text__container \" data-track-category=\"Link no Texto\" data-track-links=\"\"> Me virou do avesso. Dez anos ouvindo hist\u00f3rias de viol\u00eancia contra mulheres e crian\u00e7as abririam uma ferida, provocaram sentimento de indigna\u00e7\u00e3o permanente. Enquanto eu viver, vou lan\u00e7ar luz e trazer \u00e0 tona quest\u00f5es para que a mulher possa existir sem se sentir amea\u00e7ada. N\u00e3o preciso ter filhos para achar um absurdo o abuso infantil. N\u00e3o precisa ser mulher. Todo mundo tem lugar de fala nessa causa, tem que brigar. Esse filme me trouxe coragem, indigna\u00e7\u00e3o profunda e vontade de agir. Nosso desejo \u00e9 que ele esteja a servi\u00e7o de uma campanha social ligada a todas as ONGs e projetos que combatem a viol\u00eancia com os quais estamos envolvidos. H\u00e1 muito temas dentro do feminino, uma lista de situa\u00e7\u00f5es e viol\u00eancias que nos s\u00e3o impostas. Falar delas vai estar sempre no meu desejo. Meu pr\u00f3ximo projeto vai estar ligado a isso. <\/p>\n<p class=\" content-text__container \" data-track-category=\"Link no Texto\" data-track-links=\"\"> <strong>Qual a import\u00e2ncia de abordar esse tema na arte?<\/strong> <\/p>\n<p class=\" content-text__container \" data-track-category=\"Link no Texto\" data-track-links=\"\"> O cinema tem a capacidade \u00fanica de capturar o que n\u00e3o pode ser dito, como camadas de viol\u00eancia a que as mulheres s\u00e3o submetidas apenas por existir nessa sociedade patriarcal, machista, mis\u00f3gina, que permite que homens abusem, agridam, ridicularizem mulheres em todo lugar do mundo. O abuso \u00e9 um problema estrutural que precisa ser debatido e encarado de frente. \u00c9 dif\u00edcil romper o sil\u00eancio, porque o abusador \u00e9 poderoso. A mulher tem muito em jogo: carreira, fam\u00edlia, sabe que vai ser descredibilizada, amea\u00e7ada. <\/p>\n<p class=\" content-text__container \" data-track-category=\"Link no Texto\" data-track-links=\"\"> <strong>O pr\u00eamio no Festival Veneza e a homenagem em Cannes s\u00e3o apenas alguns dos sinais que provam que abuso \u00e9 um tema de impacto mundial. <\/strong> <\/p>\n<p class=\" content-text__container \" data-track-category=\"Link no Texto\" data-track-links=\"\"> Conversa com o mundo todo. Em Veneza, eram 11 votos e levamos 9. Na delibera\u00e7\u00e3o do j\u00fari, um dos jurados contou que, quando disse \u00e0 m\u00e3e o tema do filme, ouviu que essa situa\u00e7\u00e3o aconteceu numa vila da Bulg\u00e1ria. Outro, comentou que mulheres passam por isso em qualquer parte do mundo. Um terceiro defendeu que o filme precisava ser visto em toda parte. Que conseguiu levar espectadores europeus para dentro de um lugar espec\u00edfico ao mesmo tempo em que ampliou e conectou uma quest\u00e3o mundial. Isabelle Huppert veio falar comigo. Taylor Russell pediu que B\u00e1rbara Paz nos apresentasse, e me disse que ficou comovida. Houve um boca boca impressionante. <\/p>\n<p class=\" content-text__container \" data-track-category=\"Link no Texto\" data-track-links=\"\"> <strong>N\u00e3o vamos contar o final, mas ele \u00e9 uma vingan\u00e7a feminista que tem sido o desfecho de v\u00e1rios filmes dirigidos por mulheres&#8230;<\/strong> <\/p>\n<p class=\" content-text__container \" data-track-category=\"Link no Texto\" data-track-links=\"\"> \u00c9 simb\u00f3lico. Quis que houvesse uma liberta\u00e7\u00e3o que, na vida real, n\u00e3o \u00e9 poss\u00edvel. \u00c9 uma provoca\u00e7\u00e3o para dizer: &#8220;Para chegar nesse ponto, quantas inst\u00e2ncias falharam conosco?&#8221;. H\u00e1 um sistema enorme que falha com mulheres que tentam denunciar e n\u00e3o s\u00e3o acolhidas, um sistema judici\u00e1rio machista que n\u00e3o tem estrutura para acolher. Espero que o filme ajude a movimentar a sociedade a pedir por mudan\u00e7as p\u00fablicas pol\u00edticas, de estrutura e seguran\u00e7a. Como denunciar e voltar para a casa onde o abusador est\u00e1, sujeita a retalia\u00e7\u00f5es? Ser ridicularizada na delegacia? O que encoraja uma mulher a denunciar? O filme \u00e9 dif\u00edcil, dolorido, inc\u00f4modo. N\u00e3o \u00e9 para agradar, mas comover e buscar a transforma\u00e7\u00e3o. <\/p>\n","protected":false},"excerpt":{"rendered":"A cineasta brasileira Marianna Brennand conduzir\u00e1, na pr\u00f3xima segunda-feira (20), em Los Angeles, um semin\u00e1rio ap\u00f3s exibi\u00e7\u00e3o de&hellip;\n","protected":false},"author":2,"featured_media":117095,"comment_status":"","ping_status":"","sticky":false,"template":"","format":"standard","meta":{"footnotes":""},"categories":[145],"tags":[211,210,114,115,32,33,679],"class_list":{"0":"post-117094","1":"post","2":"type-post","3":"status-publish","4":"format-standard","5":"has-post-thumbnail","7":"category-celebridades","8":"tag-celebridades","9":"tag-celebrities","10":"tag-entertainment","11":"tag-entretenimento","12":"tag-portugal","13":"tag-pt","14":"tag-reportagem"},"share_on_mastodon":{"url":"","error":""},"_links":{"self":[{"href":"https:\/\/www.europesays.com\/pt\/wp-json\/wp\/v2\/posts\/117094","targetHints":{"allow":["GET"]}}],"collection":[{"href":"https:\/\/www.europesays.com\/pt\/wp-json\/wp\/v2\/posts"}],"about":[{"href":"https:\/\/www.europesays.com\/pt\/wp-json\/wp\/v2\/types\/post"}],"author":[{"embeddable":true,"href":"https:\/\/www.europesays.com\/pt\/wp-json\/wp\/v2\/users\/2"}],"replies":[{"embeddable":true,"href":"https:\/\/www.europesays.com\/pt\/wp-json\/wp\/v2\/comments?post=117094"}],"version-history":[{"count":0,"href":"https:\/\/www.europesays.com\/pt\/wp-json\/wp\/v2\/posts\/117094\/revisions"}],"wp:featuredmedia":[{"embeddable":true,"href":"https:\/\/www.europesays.com\/pt\/wp-json\/wp\/v2\/media\/117095"}],"wp:attachment":[{"href":"https:\/\/www.europesays.com\/pt\/wp-json\/wp\/v2\/media?parent=117094"}],"wp:term":[{"taxonomy":"category","embeddable":true,"href":"https:\/\/www.europesays.com\/pt\/wp-json\/wp\/v2\/categories?post=117094"},{"taxonomy":"post_tag","embeddable":true,"href":"https:\/\/www.europesays.com\/pt\/wp-json\/wp\/v2\/tags?post=117094"}],"curies":[{"name":"wp","href":"https:\/\/api.w.org\/{rel}","templated":true}]}}