{"id":117096,"date":"2025-10-19T10:04:10","date_gmt":"2025-10-19T10:04:10","guid":{"rendered":"https:\/\/www.europesays.com\/pt\/117096\/"},"modified":"2025-10-19T10:04:10","modified_gmt":"2025-10-19T10:04:10","slug":"obra-de-paula-rego-atinge-valor-historico-em-leilao-de-londres","status":"publish","type":"post","link":"https:\/\/www.europesays.com\/pt\/117096\/","title":{"rendered":"Obra de Paula Rego atinge valor hist\u00f3rico em leil\u00e3o de Londres"},"content":{"rendered":"<p><strong>O tr\u00edptico \u201cAvestruzes Bailarinas do filme \u2018Fantasia\u2019 de Walt Disney\u201d, pintado por Paula Rego em 1995, foi vendido por 3,979 milh\u00f5es de euros num leil\u00e3o da Christie\u2019s realizado na quarta-feira, 15 de outubro, em Londres. O comprador optou por permanecer an\u00f3nimo. A venda estabeleceu um novo recorde para a artista portuguesa. <\/strong><\/p>\n<p>De acordo com a NiT, at\u00e9 agora, a sua obra mais cara era tamb\u00e9m um tr\u00edptico da s\u00e9rie \u201cAvestruzes Bailarinas\u201d, comprado anteriormente por 3,5 milh\u00f5es de euros.<\/p>\n<p>A pe\u00e7a integra um ciclo tem\u00e1tico inspirado no cl\u00e1ssico filme \u201cFantasia\u201d, da Disney. Paula Rego criou-a de prop\u00f3sito para a exposi\u00e7\u00e3o \u201cSpellbound: Art and Film\u201d, que esteve patente na Hayward Gallery, em Londres, em 1996.<\/p>\n<p>O leil\u00e3o contou com obras de Suzanne Valadon, Annie Morris e Esben Weile Kj\u00e6r, vendidas por 1,166 milh\u00f5es, 554 mil e 29 mil euros, respetivamente. O grande destaque da noite foi \u201cSki Jacket\u201d, de Peter Doig, de 1994, que foi comprada por 16,382 milh\u00f5es de euros. Tamb\u00e9m de Doig, \u201cCountry Rock\u201d alcan\u00e7ou os 10,573 milh\u00f5es. <\/p>\n<p>\u201cAvestruzes Bailarinas\u201d j\u00e1 foi exibida no Tate Liverpool, o Museu Nacional Rainha Sofia, em Madrid, e o Mus\u00e9e de l\u2019Orangerie, em Paris. <\/p>\n<p>Ao longo da sua carreira, Paula Rego foi distinguida com diversos galard\u00f5es, incluindo a Gr\u00e3-Cruz da Ordem Militar de Sant\u2019Iago da Espada e o t\u00edtulo de Dame Commander of the Order of the British Empire. Em 2019, recebeu ainda a Medalha de M\u00e9rito Cultural atribu\u00edda pelo Minist\u00e9rio da Cultura. Faleceu a 8 de junho de 2022, aos 87 anos.<\/p>\n","protected":false},"excerpt":{"rendered":"O tr\u00edptico \u201cAvestruzes Bailarinas do filme \u2018Fantasia\u2019 de Walt Disney\u201d, pintado por Paula Rego em 1995, foi vendido&hellip;\n","protected":false},"author":2,"featured_media":117097,"comment_status":"","ping_status":"","sticky":false,"template":"","format":"standard","meta":{"footnotes":""},"categories":[144],"tags":[207,205,206,27418,203,201,202,27419,27420,204,114,115,5567,6061,32,27417,33,3720,27416],"class_list":{"0":"post-117096","1":"post","2":"type-post","3":"status-publish","4":"format-standard","5":"has-post-thumbnail","7":"category-arte-e-design","8":"tag-arte","9":"tag-arte-e-design","10":"tag-artedesign","11":"tag-artista-portuguesa","12":"tag-arts","13":"tag-arts-and-design","14":"tag-artsanddesign","15":"tag-avestruzes-bailarinas","16":"tag-avestruzes-bailarinas-do-filme-fantasia-de-walt-disney","17":"tag-design","18":"tag-entertainment","19":"tag-entretenimento","20":"tag-londres","21":"tag-paula-rego","22":"tag-portugal","23":"tag-portugalpositivo","24":"tag-pt","25":"tag-recorde","26":"tag-triptico"},"share_on_mastodon":{"url":"","error":""},"_links":{"self":[{"href":"https:\/\/www.europesays.com\/pt\/wp-json\/wp\/v2\/posts\/117096","targetHints":{"allow":["GET"]}}],"collection":[{"href":"https:\/\/www.europesays.com\/pt\/wp-json\/wp\/v2\/posts"}],"about":[{"href":"https:\/\/www.europesays.com\/pt\/wp-json\/wp\/v2\/types\/post"}],"author":[{"embeddable":true,"href":"https:\/\/www.europesays.com\/pt\/wp-json\/wp\/v2\/users\/2"}],"replies":[{"embeddable":true,"href":"https:\/\/www.europesays.com\/pt\/wp-json\/wp\/v2\/comments?post=117096"}],"version-history":[{"count":0,"href":"https:\/\/www.europesays.com\/pt\/wp-json\/wp\/v2\/posts\/117096\/revisions"}],"wp:featuredmedia":[{"embeddable":true,"href":"https:\/\/www.europesays.com\/pt\/wp-json\/wp\/v2\/media\/117097"}],"wp:attachment":[{"href":"https:\/\/www.europesays.com\/pt\/wp-json\/wp\/v2\/media?parent=117096"}],"wp:term":[{"taxonomy":"category","embeddable":true,"href":"https:\/\/www.europesays.com\/pt\/wp-json\/wp\/v2\/categories?post=117096"},{"taxonomy":"post_tag","embeddable":true,"href":"https:\/\/www.europesays.com\/pt\/wp-json\/wp\/v2\/tags?post=117096"}],"curies":[{"name":"wp","href":"https:\/\/api.w.org\/{rel}","templated":true}]}}