{"id":117098,"date":"2025-10-19T10:07:16","date_gmt":"2025-10-19T10:07:16","guid":{"rendered":"https:\/\/www.europesays.com\/pt\/117098\/"},"modified":"2025-10-19T10:07:16","modified_gmt":"2025-10-19T10:07:16","slug":"lena-dagua-sinto-me-como-se-nunca-tivesse-saido-do-lugar-onde-agora-estou","status":"publish","type":"post","link":"https:\/\/www.europesays.com\/pt\/117098\/","title":{"rendered":"Lena d&#8217;\u00c1gua: &#8220;Sinto-me como se nunca tivesse sa\u00eddo do lugar onde agora estou&#8221;"},"content":{"rendered":"<p><strong>Ainda se recorda do \u00faltimo concerto no Porto?<\/strong><br \/>Isto agora tem sido uma roda-viva. A \u00faltima vez que estive com uma banda completa foi em 2019, aquando do lan\u00e7amento de &#8220;Desalmadamente&#8221;. Na Casa da M\u00fasica \u00e9 que \u00e9 a primeira vez.<\/p>\n<p data-remotead-prev-elm=\"true\" data-remotead-elm-id=\"inread\"><strong>H\u00e1 tempos ouvi-a dizer que nunca tinha atuado nos Coliseus. Ainda s\u00e3o muitos os sonhos por cumprir?<\/strong><br \/>Assim como est\u00e1, n\u00e3o \u00e9 nada mau&#8230; Li h\u00e1 pouco tempo que a Am\u00e1lia, a nossa querida Am\u00e1lia, s\u00f3 fez o Coliseu de Lisboa quando tinha 64 anos. \u00c9 inacredit\u00e1vel. Ainda vou bater um recorde com os meus 69 anos. (Risos)<\/p>\n","protected":false},"excerpt":{"rendered":"Ainda se recorda do \u00faltimo concerto no Porto?Isto agora tem sido uma roda-viva. A \u00faltima vez que estive&hellip;\n","protected":false},"author":2,"featured_media":117099,"comment_status":"","ping_status":"","sticky":false,"template":"","format":"standard","meta":{"footnotes":""},"categories":[141],"tags":[1753,114,115,24276,149,150,32,33],"class_list":{"0":"post-117098","1":"post","2":"type-post","3":"status-publish","4":"format-standard","5":"has-post-thumbnail","7":"category-musica","8":"tag-artes","9":"tag-entertainment","10":"tag-entretenimento","11":"tag-lena-dagua","12":"tag-music","13":"tag-musica","14":"tag-portugal","15":"tag-pt"},"share_on_mastodon":{"url":"","error":""},"_links":{"self":[{"href":"https:\/\/www.europesays.com\/pt\/wp-json\/wp\/v2\/posts\/117098","targetHints":{"allow":["GET"]}}],"collection":[{"href":"https:\/\/www.europesays.com\/pt\/wp-json\/wp\/v2\/posts"}],"about":[{"href":"https:\/\/www.europesays.com\/pt\/wp-json\/wp\/v2\/types\/post"}],"author":[{"embeddable":true,"href":"https:\/\/www.europesays.com\/pt\/wp-json\/wp\/v2\/users\/2"}],"replies":[{"embeddable":true,"href":"https:\/\/www.europesays.com\/pt\/wp-json\/wp\/v2\/comments?post=117098"}],"version-history":[{"count":0,"href":"https:\/\/www.europesays.com\/pt\/wp-json\/wp\/v2\/posts\/117098\/revisions"}],"wp:featuredmedia":[{"embeddable":true,"href":"https:\/\/www.europesays.com\/pt\/wp-json\/wp\/v2\/media\/117099"}],"wp:attachment":[{"href":"https:\/\/www.europesays.com\/pt\/wp-json\/wp\/v2\/media?parent=117098"}],"wp:term":[{"taxonomy":"category","embeddable":true,"href":"https:\/\/www.europesays.com\/pt\/wp-json\/wp\/v2\/categories?post=117098"},{"taxonomy":"post_tag","embeddable":true,"href":"https:\/\/www.europesays.com\/pt\/wp-json\/wp\/v2\/tags?post=117098"}],"curies":[{"name":"wp","href":"https:\/\/api.w.org\/{rel}","templated":true}]}}