{"id":11710,"date":"2025-08-01T15:32:09","date_gmt":"2025-08-01T15:32:09","guid":{"rendered":"https:\/\/www.europesays.com\/pt\/11710\/"},"modified":"2025-08-01T15:32:09","modified_gmt":"2025-08-01T15:32:09","slug":"contacao-de-historia-do-livro-dora-acontece-nas-bibliotecas-municipais-de-sorocaba","status":"publish","type":"post","link":"https:\/\/www.europesays.com\/pt\/11710\/","title":{"rendered":"Conta\u00e7\u00e3o de Hist\u00f3ria do livro \u201cDora\u201d acontece nas Bibliotecas Municipais de Sorocaba"},"content":{"rendered":"\n<p>Pais e filhos podem prestigiar gratuitamente a Conta\u00e7\u00e3o de Hist\u00f3ria do livro \u201cDora\u201d, com as escritoras Jussara Person e Soraia Uno, autoras do livro, nas Bibliotecas Municipais de Sorocaba. Na pr\u00f3xima quarta-feira (6), \u00e0s 14h30, a atividade acontece na Biblioteca Infantil Municipal \u201cRenato S\u00eaneca de S\u00e1 Fleury\u201d, no Centro. J\u00e1 no dia sexta-feira (8), \u00e0s 14h30, a atra\u00e7\u00e3o infantil ser\u00e1 realizada na Biblioteca Municipal \u201cJorge Guilherme Senger\u201d, no Alto da Boa Vista.<\/p>\n<p>A obra conta a hist\u00f3ria de Dora, uma saru\u00ea curiosa que s\u00f3 queria uma refei\u00e7\u00e3o quando encontrou um monte de ovos misteriosos. Para sua surpresa, as cascas come\u00e7aram a se romper e dentro delas nasceram v\u00e1rios filhotes indefesos, rendendo uma aventura cheia de reviravoltas.<\/p>\n<p>As autoras Jussara e Soraia, que s\u00e3o amigas h\u00e1 mais de 30 anos, iniciaram o projeto de conta\u00e7\u00e3o de hist\u00f3rias com o objetivo de levar hist\u00f3rias para seus alunos. S\u00e3o coautoras dos livros \u201cClotilde\u201d, \u201cHon\u00f3rio\u201d, \u201cJudite\u201d e \u201cTobias\u201d, publicados pela Editora Aletria em 2020, 2021, 2022 e 2023, respectivamente.<\/p>\n<p>Jussara \u00e9 pedagoga e p\u00f3s-graduada em Recrea\u00e7\u00e3o, Lazer e Atividades Socioculturais. J\u00e1 Soraia \u00e9 pedagoga e p\u00f3s-graduada na arte de contar hist\u00f3rias, no contexto escolar. Cursou a forma\u00e7\u00e3o de contadores de hist\u00f3rias na Biblioteca P\u00fablica \u201cHans Christian Andersen\u201d, em S\u00e3o Paulo (SP).<br \/>Para participar \u00e9 necess\u00e1rio se inscrever antecipadamente pelo e-mail: eventos.bms@sorocaba.sp.gov.br, informando nome e idade do participante, al\u00e9m da atividade da qual quer participar.<\/p>\n<p>A Biblioteca Municipal \u201cJorge Guilherme Senger\u201d est\u00e1 localizada na Rua Ministro Coqueijo Costa, 180, no Alto da Boa Vista. Mais informa\u00e7\u00f5es podem ser obtidas pelo telefone: (15) 3228-1955. A Biblioteca Infantil Municipal \u201cRenato S\u00eaneca de S\u00e1 Fleury\u201d fica na Rua da Penha, 673, no Centro. Mais informa\u00e7\u00f5es, pelo telefone: (15) 3231-5723.<\/p>\n","protected":false},"excerpt":{"rendered":"Pais e filhos podem prestigiar gratuitamente a Conta\u00e7\u00e3o de Hist\u00f3ria do livro \u201cDora\u201d, com as escritoras Jussara Person&hellip;\n","protected":false},"author":2,"featured_media":11711,"comment_status":"","ping_status":"","sticky":false,"template":"","format":"standard","meta":{"footnotes":""},"categories":[143],"tags":[169,114,115,170,32,33],"class_list":{"0":"post-11710","1":"post","2":"type-post","3":"status-publish","4":"format-standard","5":"has-post-thumbnail","7":"category-livros","8":"tag-books","9":"tag-entertainment","10":"tag-entretenimento","11":"tag-livros","12":"tag-portugal","13":"tag-pt"},"share_on_mastodon":{"url":"","error":""},"_links":{"self":[{"href":"https:\/\/www.europesays.com\/pt\/wp-json\/wp\/v2\/posts\/11710","targetHints":{"allow":["GET"]}}],"collection":[{"href":"https:\/\/www.europesays.com\/pt\/wp-json\/wp\/v2\/posts"}],"about":[{"href":"https:\/\/www.europesays.com\/pt\/wp-json\/wp\/v2\/types\/post"}],"author":[{"embeddable":true,"href":"https:\/\/www.europesays.com\/pt\/wp-json\/wp\/v2\/users\/2"}],"replies":[{"embeddable":true,"href":"https:\/\/www.europesays.com\/pt\/wp-json\/wp\/v2\/comments?post=11710"}],"version-history":[{"count":0,"href":"https:\/\/www.europesays.com\/pt\/wp-json\/wp\/v2\/posts\/11710\/revisions"}],"wp:featuredmedia":[{"embeddable":true,"href":"https:\/\/www.europesays.com\/pt\/wp-json\/wp\/v2\/media\/11711"}],"wp:attachment":[{"href":"https:\/\/www.europesays.com\/pt\/wp-json\/wp\/v2\/media?parent=11710"}],"wp:term":[{"taxonomy":"category","embeddable":true,"href":"https:\/\/www.europesays.com\/pt\/wp-json\/wp\/v2\/categories?post=11710"},{"taxonomy":"post_tag","embeddable":true,"href":"https:\/\/www.europesays.com\/pt\/wp-json\/wp\/v2\/tags?post=11710"}],"curies":[{"name":"wp","href":"https:\/\/api.w.org\/{rel}","templated":true}]}}