{"id":117110,"date":"2025-10-19T10:15:31","date_gmt":"2025-10-19T10:15:31","guid":{"rendered":"https:\/\/www.europesays.com\/pt\/117110\/"},"modified":"2025-10-19T10:15:31","modified_gmt":"2025-10-19T10:15:31","slug":"psp-nega-caca-ao-imigrante-e-alerta-para-aumento-de-trafico-de-seres-humanos-imigracao","status":"publish","type":"post","link":"https:\/\/www.europesays.com\/pt\/117110\/","title":{"rendered":"PSP nega \u201cca\u00e7a ao imigrante\u201d e alerta para aumento de tr\u00e1fico de seres humanos | Imigra\u00e7\u00e3o"},"content":{"rendered":"<p>A PSP admitiu um aumento de opera\u00e7\u00f5es de fiscaliza\u00e7\u00e3o, mas recusou que a Unidade Nacional de Estrangeiros e Fronteiras tenha sido criada para &#8220;perseguir imigrantes ilegais&#8221;, destacando a vertente humanista da sua actua\u00e7\u00e3o.<\/p>\n<p>\u201cEu n\u00e3o tenho essa vis\u00e3o. Fiquei triste de ver alguma imprensa brasileira caracterizar a cria\u00e7\u00e3o da Unidade Nacional de Estrangeiros e Fronteiras na PSP, <a href=\"https:\/\/www.publico.pt\/2025\/10\/16\/mundo\/noticia\/repressao-migratoria-operacoes-ice-reacendem-tensao-social-cidades-estados-unidos-2150922\" rel=\"nofollow noopener\" target=\"_blank\">fazendo compara\u00e7\u00f5es ao ICE nos Estados Unidos<\/a>, disse o director nacional-adjunto da PSP e respons\u00e1vel pela UNEF, Jo\u00e3o Ribeiro, em entrevista \u00e0 ag\u00eancia Lusa.<\/p>\n<p>Jo\u00e3o Ribeiro sustentou que a abordagem da PSP \u201cn\u00e3o \u00e9 essa\u201d: \u201cEstamos num Estado de Direito, temos uma matriz na forma\u00e7\u00e3o de todos os nossos pol\u00edcias que \u00e9 do respeito e do primado dos direitos humanos e \u00e9 essa abordagem que temos\u201d.<\/p>\n<p>O respons\u00e1vel sublinhou tamb\u00e9m que os imigrantes n\u00e3o precisam de ter medo da Unidade Nacional de Estrangeiros e Fronteiras, pois Portugal quer \u201c<a href=\"https:\/\/www.publico.pt\/2025\/10\/16\/politica\/noticia\/presidente-republica-promulgou-lei-estrangeiros-2151021\" rel=\"nofollow noopener\" target=\"_blank\">uma migra\u00e7\u00e3o regulada<\/a>, mas ao mesmo tempo humanista\u201d.<\/p>\n<p>No entanto, afirmou, que pode haver alguma tens\u00e3o quando um estrangeiro tenta entrar em Portugal e \u00e9 intersectado no aeroporto porque n\u00e3o re\u00fane as condi\u00e7\u00f5es para entrar no pa\u00eds.<\/p>\n<p>Rejeitando a ideia de \u201cca\u00e7a ao imigrante ilegal\u201d, Jo\u00e3o Ribeiro avan\u00e7ou que a abordagem da PSP \u00e9 feita de acordo com \u201cos factores de risco\u201d. \u201cSabemos onde est\u00e3o os factores de risco, conseguimos identificar onde est\u00e3o as pessoas. Aqui acaba por ser uma vis\u00e3o sist\u00e9mica. Eu n\u00e3o posso ir agora buscar mil pessoas que est\u00e3o em situa\u00e7\u00e3o irregular se n\u00e3o tenho <a href=\"https:\/\/www.publico.pt\/2025\/10\/19\/sociedade\/noticia\/psp-poe-menores-migrantes-pernoitar-zona-internacional-aeroporto-2150626\" rel=\"nofollow noopener\" target=\"_blank\">capacidade de alojamento de emerg\u00eancia<\/a> para essas pessoas. O que fazemos \u00e9 uma abordagem de acordo com as matrizes de risco que n\u00f3s temos e que seguimos\u201d, frisou.<\/p>\n<p>O director nacional-adjunto da PSP insistiu que \u201cn\u00e3o \u00e9 um factor de ter medo\u201d, mas notou: \u201cClaro que se eu estiver numa situa\u00e7\u00e3o irregular e entrei irregularmente em territ\u00f3rio nacional e eventualmente estou a praticar actos que constituem crimes, sim, essa pessoa tem que ter medo\u201d.<\/p>\n<p>O respons\u00e1vel pela UNEF reconheceu tamb\u00e9m que a PSP aumentou as opera\u00e7\u00f5es de fiscaliza\u00e7\u00e3o em determinadas zonas frequentadas por imigrantes, <a href=\"https:\/\/www.publico.pt\/2024\/12\/24\/sociedade\/noticia\/psp-faz-nova-operacao-zona-imigrantes-largo-sao-domingos-lisboa-alvo-rusga-2116784\" rel=\"nofollow noopener\" target=\"_blank\">nomeadamente em Lisboa<\/a>.<\/p>\n<p>O \u201cgrande objectivo\u201d \u00e9 conseguir que Portugal seja um pa\u00eds seguro e reconhecido como destino de oportunidade para os imigrantes, mas ao mesmo tempo \u00e9 necess\u00e1rio \u201ccombater de forma eficaz e eficiente tudo aquilo que representa situa\u00e7\u00f5es de elevado risco\u201d.<\/p>\n<p>Aumento de tr\u00e1fico de seres humanos<\/p>\n<p>Jo\u00e3o Ribeiro considerou ainda que \u201cn\u00e3o \u00e9 aceit\u00e1vel que haja rotas migrat\u00f3rias a explorar Portugal como um local onde podem entrar pessoas em situa\u00e7\u00e3o irregular\u201d. E avan\u00e7ou est\u00e3o a ser sinalizados <a href=\"https:\/\/www.publico.pt\/2025\/07\/30\/sociedade\/noticia\/2200-presumiveis-vitimas-trafico-seres-humanos-seis-anos-apenas-11-direito-indemnizacao-2142140\" rel=\"nofollow noopener\" target=\"_blank\">mais casos de tr\u00e1fico de seres humanos<\/a> em Portugal para explora\u00e7\u00e3o laboral e sexual e \u2018importa\u00e7\u00e3o\u2019 de crian\u00e7as para adop\u00e7\u00e3o.<\/p>\n<p>\u201cInfelizmente temos tido sinais de que Portugal \u00e9 tamb\u00e9m destino de tr\u00e1fico de seres humanos para a explora\u00e7\u00e3o laboral, quer para a explora\u00e7\u00e3o sexual, quer tamb\u00e9m, infelizmente, alguns casos em que s\u00e3o processos para efeitos de importa\u00e7\u00e3o, e pe\u00e7o desculpa pela express\u00e3o ser muito forte, <a href=\"https:\/\/www.publico.pt\/2025\/10\/09\/sociedade\/noticia\/anos-100-criancas-ja-confiadas-familia-adopcao-sao-devolvidas-instituicoes-2149340\" rel=\"nofollow noopener\" target=\"_blank\">importa\u00e7\u00e3o de crian\u00e7as para adop\u00e7\u00e3o<\/a>\u201d, precisou o director<\/p>\n<p>\u201cAs situa\u00e7\u00f5es fundamentalmente passam-se nos grandes centros urbanos, nas \u00e1reas metropolitanas, e tamb\u00e9m no litoral. A compet\u00eancia de investiga\u00e7\u00e3o n\u00e3o \u00e9 a nossa, \u00e9 da Pol\u00edcia Judici\u00e1ria, mas, de facto, s\u00e3o n\u00fameros expressivos aqueles que estamos a sinalizar, n\u00e3o quer dizer que depois em termos de investiga\u00e7\u00e3o todas essas situa\u00e7\u00f5es configurem o tipo legal de crime que representa o tr\u00e1fico de seres humanos\u201d, afirmou.<\/p>\n<p>Sobre a \u2018importa\u00e7\u00e3o\u2019 de crian\u00e7as para adop\u00e7\u00e3o, Jo\u00e3o Ribeiro referiu que a PSP est\u00e1 a detectar nos aeroportos nacionais situa\u00e7\u00f5es em que \u201caparentemente familiares ou n\u00e3o familiares\u201d chegam ao pa\u00eds com crian\u00e7as e que levantam suspeitas. \u201cIsso \u00e9 um dos aspectos que temos aumentado a capacita\u00e7\u00e3o dos aeroportos no sentido de sinalizar\u201d, disse ainda.<\/p>\n","protected":false},"excerpt":{"rendered":"A PSP admitiu um aumento de opera\u00e7\u00f5es de fiscaliza\u00e7\u00e3o, mas recusou que a Unidade Nacional de Estrangeiros e&hellip;\n","protected":false},"author":2,"featured_media":117111,"comment_status":"","ping_status":"","sticky":false,"template":"","format":"standard","meta":{"footnotes":""},"categories":[10],"tags":[27,28,838,604,3026,15,16,14,1481,25,26,21,22,12,13,19,20,32,23,24,33,27421,58,17,18,29,30,31],"class_list":{"0":"post-117110","1":"post","2":"type-post","3":"status-publish","4":"format-standard","5":"has-post-thumbnail","7":"category-portugal","8":"tag-breaking-news","9":"tag-breakingnews","10":"tag-criancas","11":"tag-crime","12":"tag-direitos-humanos","13":"tag-featured-news","14":"tag-featurednews","15":"tag-headlines","16":"tag-imigracao","17":"tag-latest-news","18":"tag-latestnews","19":"tag-main-news","20":"tag-mainnews","21":"tag-news","22":"tag-noticias","23":"tag-noticias-principais","24":"tag-noticiasprincipais","25":"tag-portugal","26":"tag-principais-noticias","27":"tag-principaisnoticias","28":"tag-pt","29":"tag-servico-de-estrangeiros-e-fronteiras","30":"tag-sociedade","31":"tag-top-stories","32":"tag-topstories","33":"tag-ultimas","34":"tag-ultimas-noticias","35":"tag-ultimasnoticias"},"share_on_mastodon":{"url":"","error":""},"_links":{"self":[{"href":"https:\/\/www.europesays.com\/pt\/wp-json\/wp\/v2\/posts\/117110","targetHints":{"allow":["GET"]}}],"collection":[{"href":"https:\/\/www.europesays.com\/pt\/wp-json\/wp\/v2\/posts"}],"about":[{"href":"https:\/\/www.europesays.com\/pt\/wp-json\/wp\/v2\/types\/post"}],"author":[{"embeddable":true,"href":"https:\/\/www.europesays.com\/pt\/wp-json\/wp\/v2\/users\/2"}],"replies":[{"embeddable":true,"href":"https:\/\/www.europesays.com\/pt\/wp-json\/wp\/v2\/comments?post=117110"}],"version-history":[{"count":0,"href":"https:\/\/www.europesays.com\/pt\/wp-json\/wp\/v2\/posts\/117110\/revisions"}],"wp:featuredmedia":[{"embeddable":true,"href":"https:\/\/www.europesays.com\/pt\/wp-json\/wp\/v2\/media\/117111"}],"wp:attachment":[{"href":"https:\/\/www.europesays.com\/pt\/wp-json\/wp\/v2\/media?parent=117110"}],"wp:term":[{"taxonomy":"category","embeddable":true,"href":"https:\/\/www.europesays.com\/pt\/wp-json\/wp\/v2\/categories?post=117110"},{"taxonomy":"post_tag","embeddable":true,"href":"https:\/\/www.europesays.com\/pt\/wp-json\/wp\/v2\/tags?post=117110"}],"curies":[{"name":"wp","href":"https:\/\/api.w.org\/{rel}","templated":true}]}}