{"id":117112,"date":"2025-10-19T10:17:12","date_gmt":"2025-10-19T10:17:12","guid":{"rendered":"https:\/\/www.europesays.com\/pt\/117112\/"},"modified":"2025-10-19T10:17:12","modified_gmt":"2025-10-19T10:17:12","slug":"liliana-campos-reage-as-cuecas-com-pelo-pubico-de-kim-kardashian-nao-cresce-mais","status":"publish","type":"post","link":"https:\/\/www.europesays.com\/pt\/117112\/","title":{"rendered":"Liliana Campos &#8211; Reage \u00e0s cuecas com pelo p\u00fabico de Kim Kardashian: &#8220;N\u00e3o cresce mais&#8221;"},"content":{"rendered":"<p><strong>Kim Kardashian <\/strong>surpreendeu os seguidores ao lan\u00e7ar cuecas com pelos p\u00fabicos sint\u00e9ticos, atrav\u00e9s da sua marca de roupa, <strong>Skims<\/strong>. O produto esgotou em poucas horas, em todas as suas modalidades &#8211; do tamanho mais pequeno,\u00a0XXS, ao maior, 4XL. Cada modelo custa por volta de 42\u20ac.<\/p>\n<p>&#8220;S\u00e3o v\u00e1rias op\u00e7\u00f5es de tamanho e cor, mas acho que isto \u00e9 para chocar. \u00c9 quase 40 euros cada pe\u00e7a&#8221;, reagiu <strong>Liliana Campos<\/strong> no Passadeira Vermelha.\u00a0<strong>&#8220;Eu juro que gosto de pensar sobre as coisas, mas tenho de pensar a raz\u00e3o disto. Para al\u00e9m do marketing, deve haver alguma explica\u00e7\u00e3o&#8221;<\/strong>, concordou Heitor Louren\u00e7o.<\/p>\n<blockquote>\n<p>Leia mais: <a href=\"https:\/\/www.novagente.pt\/joao-baiao-surpreende-tudo-todos-em-direto-com-cuecas-repletas-de-pelos-pubicos\" rel=\"nofollow noopener\" target=\"_blank\">Jo\u00e3o Bai\u00e3o surpreende tudo e todos com cuecas repletas de pelos p\u00fabicos<\/a><\/p>\n<\/blockquote>\n<p>&#8220;<strong>A partir do momento em que se faz depila\u00e7\u00e3o a laser, n\u00e3o cresce mais. Hoje em dia, at\u00e9 j\u00e1 h\u00e1 tratamentos espec\u00edficos.<\/strong> H\u00e1 at\u00e9 quem j\u00e1 tenha feito implantes. A\u00a0Juliana Paes\u00a0j\u00e1 falou sobre isso, que teve de fazer implantes na zona p\u00fabica porque precisava de mostrar pelos [numa novela]&#8221;, frisou a apresentadora.<\/p>\n<p>Texto: Lu\u00eds Sigorro; Fotos: Redes sociais\/Skims<\/p>\n<p class=\"intagram-text\">Siga a Nova Gente no Instagram<\/p>\n<p>                        <a href=\"https:\/\/www.instagram.com\/revistanovagente\/\" target=\"_blank\" aria-label=\"instagram\" rel=\"noopener nofollow\"><img decoding=\"async\" style=\"display: block; margin-left: auto; margin-right: auto; width: 250px; height: 83px;\" src=\"https:\/\/www.europesays.com\/pt\/wp-content\/uploads\/2025\/10\/Instagram_NG.png\" alt=\"instagram\"\/><\/a><br \/>\n                    <script async src=\"\/\/www.instagram.com\/embed.js\"><\/script><\/p>\n","protected":false},"excerpt":{"rendered":"Kim Kardashian surpreendeu os seguidores ao lan\u00e7ar cuecas com pelos p\u00fabicos sint\u00e9ticos, atrav\u00e9s da sua marca de roupa,&hellip;\n","protected":false},"author":2,"featured_media":117113,"comment_status":"","ping_status":"","sticky":false,"template":"","format":"standard","meta":{"footnotes":""},"categories":[145],"tags":[211,210,27423,114,115,5051,19261,27422,32,33,5052],"class_list":{"0":"post-117112","1":"post","2":"type-post","3":"status-publish","4":"format-standard","5":"has-post-thumbnail","7":"category-celebridades","8":"tag-celebridades","9":"tag-celebrities","10":"tag-cuecas","11":"tag-entertainment","12":"tag-entretenimento","13":"tag-kim-kardashian","14":"tag-liliana-campos","15":"tag-pelos-publicos","16":"tag-portugal","17":"tag-pt","18":"tag-skims"},"share_on_mastodon":{"url":"","error":""},"_links":{"self":[{"href":"https:\/\/www.europesays.com\/pt\/wp-json\/wp\/v2\/posts\/117112","targetHints":{"allow":["GET"]}}],"collection":[{"href":"https:\/\/www.europesays.com\/pt\/wp-json\/wp\/v2\/posts"}],"about":[{"href":"https:\/\/www.europesays.com\/pt\/wp-json\/wp\/v2\/types\/post"}],"author":[{"embeddable":true,"href":"https:\/\/www.europesays.com\/pt\/wp-json\/wp\/v2\/users\/2"}],"replies":[{"embeddable":true,"href":"https:\/\/www.europesays.com\/pt\/wp-json\/wp\/v2\/comments?post=117112"}],"version-history":[{"count":0,"href":"https:\/\/www.europesays.com\/pt\/wp-json\/wp\/v2\/posts\/117112\/revisions"}],"wp:featuredmedia":[{"embeddable":true,"href":"https:\/\/www.europesays.com\/pt\/wp-json\/wp\/v2\/media\/117113"}],"wp:attachment":[{"href":"https:\/\/www.europesays.com\/pt\/wp-json\/wp\/v2\/media?parent=117112"}],"wp:term":[{"taxonomy":"category","embeddable":true,"href":"https:\/\/www.europesays.com\/pt\/wp-json\/wp\/v2\/categories?post=117112"},{"taxonomy":"post_tag","embeddable":true,"href":"https:\/\/www.europesays.com\/pt\/wp-json\/wp\/v2\/tags?post=117112"}],"curies":[{"name":"wp","href":"https:\/\/api.w.org\/{rel}","templated":true}]}}