{"id":117122,"date":"2025-10-19T10:24:07","date_gmt":"2025-10-19T10:24:07","guid":{"rendered":"https:\/\/www.europesays.com\/pt\/117122\/"},"modified":"2025-10-19T10:24:07","modified_gmt":"2025-10-19T10:24:07","slug":"cancer-de-mama-quimioterapia-pode-comprometer-cognicao-19-10-2025-equilibrio-e-saude","status":"publish","type":"post","link":"https:\/\/www.europesays.com\/pt\/117122\/","title":{"rendered":"C\u00e2ncer de mama: quimioterapia pode comprometer cogni\u00e7\u00e3o &#8211; 19\/10\/2025 &#8211; Equil\u00edbrio e Sa\u00fade"},"content":{"rendered":"<p>Uma <a href=\"https:\/\/pubmed.ncbi.nlm.nih.gov\/40790842\/\" target=\"_blank\" rel=\"nofollow noopener\">metan\u00e1lise<\/a> publicada na revista Psychooncology concluiu que at\u00e9 75% das mulheres com <a href=\"https:\/\/www1.folha.uol.com.br\/folha-topicos\/cancer-de-mama\/\" rel=\"nofollow noopener\" target=\"_blank\">c\u00e2ncer de mama<\/a> experimentam uma n\u00e9voa cerebral durante o tratamento. A pesquisa analisou nove estudos sobre o &#8220;chemobrain&#8221;, condi\u00e7\u00e3o cognitiva <a href=\"https:\/\/www1.folha.uol.com.br\/equilibrioesaude\/2025\/07\/guerra-contra-o-cancer-avanca-lentamente-mas-mostra-resultados-promissores.shtml\" rel=\"nofollow noopener\" target=\"_blank\">advinda da quimioterapia<\/a> que causa lentid\u00e3o de pensamento, perda na aten\u00e7\u00e3o e na mem\u00f3ria.<\/p>\n<p>Essa n\u00e3o \u00e9 uma quest\u00e3o exclusiva do <a href=\"https:\/\/estudio.folha.uol.com.br\/sirio-libanes-lutacontracovid19\/2020\/05\/1988725-nunca-pararia-meu-tratamento-porque-so-eu-sei-o-quanto-foi-dificil.shtml\" rel=\"nofollow noopener\" target=\"_blank\">tratamento para o c\u00e2ncer de mama<\/a>, mas pode afetar pacientes que realizam quimioterapia para diferentes tipos de <a href=\"https:\/\/www1.folha.uol.com.br\/folha-topicos\/cancer\/\" rel=\"nofollow noopener\" target=\"_blank\">c\u00e2ncer<\/a>. Segundo Luiz Gustavo Torres, oncologista especialista em c\u00e2ncer de mama da Oncologia D&#8217;Or, um dos principais sintomas \u00e9 a sensa\u00e7\u00e3o de lentifica\u00e7\u00e3o de compreens\u00e3o e articula\u00e7\u00e3o das ideias.<\/p>\n<p>Os preju\u00edzos s\u00e3o normalmente sutis e leves, como a dificuldade de manter o foco por longos per\u00edodos de tempo, dificuldade de planejar, organizar e tomar decis\u00f5es, iniciar paradas, gerenciar o tempo, e <a href=\"https:\/\/www1.folha.uol.com.br\/ciencia\/2011\/04\/908880-proteina-do-cerebro-que-ajuda-memoria-atrapalha-quimioterapia.shtml?mobile\" rel=\"nofollow noopener\" target=\"_blank\">mem\u00f3ria<\/a>, exemplifica Solange Sanches, vice-l\u00edder do centro de refer\u00eancia em tumores da mama do A.C.Camargo Cancer Center.<\/p>\n<p>&#8220;\u00c9 muito comum em mulheres que tinham uma habilidade de <a href=\"https:\/\/www1.folha.uol.com.br\/sobretudo\/carreiras\/2024\/10\/o-mito-do-multitasking-entenda-por-que-pratica-prejudica-seu-desempenho-no-trabalho.shtml\" rel=\"nofollow noopener\" target=\"_blank\">ser multitarefas<\/a>, que elas n\u00e3o consigam mais fazer tr\u00eas coisas ao mesmo tempo e ter que fazer uma por vez&#8221;, diz a m\u00e9dica.<\/p>\n<p>O quadro que traz preju\u00edzos leves normalmente n\u00e3o precisa de interven\u00e7\u00e3o, afirma Torres. A principal conduta nesses casos, diz, \u00e9 tranquilizar a paciente de que \u00e9 um efeito transit\u00f3rio, ou seja, desaparece com o fim do tratamento.<\/p>\n<p>Segundo o oncologista, muitas <a href=\"https:\/\/www1.folha.uol.com.br\/colunas\/vera-iaconelli\/2025\/06\/voce-nao-faz-um-cancer.shtml\" rel=\"nofollow noopener\" target=\"_blank\">mulheres se culpam <\/a>de n\u00e3o estarem conseguindo mais realizar todas as tarefas da forma como faziam antes, seja no trabalho ou em casa. &#8220;\u00c9 importante reconhecer para tranquilizar essa paciente que aquilo \u00e9 passageiro e que n\u00e3o \u00e9 nada relacionado nem \u00e0 parte emocional ou outra doen\u00e7a, mas sim um efeito colateral do tratamento.&#8221;<\/p>\n<p>Sanches concorda que, na maioria das vezes, os sintomas somem entre seis meses a um ano. Em torno de 20% dos pacientes, segundo ela, relatam que os sintomas persistem por mais tempo, mas s\u00e3o geralmente os que t\u00eam outros fatores de risco, como idade avan\u00e7ada, <a href=\"https:\/\/www1.folha.uol.com.br\/equilibrioesaude\/2025\/02\/baixa-escolaridade-e-principal-fator-de-risco-para-demencia-no-brasil-mostra-estudo-inedito.shtml\" rel=\"nofollow noopener\" target=\"_blank\">menor escolaridade ou menor ocupa\u00e7\u00e3o intelectual<\/a>, quadros psiqui\u00e1tricos como depress\u00e3o, ansiedade e ins\u00f4nia. No entanto, se detectado precocemente, \u00e9 poss\u00edvel oferecer suporte para aumentar o bem-estar do paciente.<\/p>\n<p>Torres refor\u00e7a que o &#8220;chemobrain&#8221; n\u00e3o tem nenhuma rela\u00e7\u00e3o direta com <a href=\"https:\/\/www1.folha.uol.com.br\/equilibrioesaude\/2025\/10\/pesquisas-brasileiras-estao-na-vanguarda-dos-estudos-sobre-o-alzheimer.shtml\" rel=\"nofollow noopener\" target=\"_blank\">Alzheimer <\/a>ou outras dem\u00eancias, que s\u00e3o doen\u00e7as degenerativas e progressivas. Uma quest\u00e3o que pode acontecer \u00e9 o paciente, principalmente os idosos, j\u00e1 terem um grau inicial de dem\u00eancia no in\u00edcio do tratamento pode se confundir com os sintomas da n\u00e9voa cerebral causada pelo tratamento.<\/p>\n<p>Para saber diferenciar um caso do outro, o m\u00e9dico recomenda se atentar para a mudan\u00e7a na facilidade com que a pessoa fazia tarefas rotineiras. &#8220;Por exemplo, ir ao banco, pagar as contas, lidar com finan\u00e7as no geral, entre outras coisas.&#8221;<\/p>\n<p>Por isso que, para ele, continuar com a mesma rotina que tinha antes do tratamento, realizando as mesmas tarefas, \u00e9 uma forma n\u00e3o s\u00f3 de identificar poss\u00edveis mudan\u00e7as, mas de exercitar as fun\u00e7\u00f5es cognitivas.<\/p>\n<p>&#8220;\u00c9 importante identificar se essa <a href=\"https:\/\/estudio.folha.uol.com.br\/roche\/2022\/05\/realidade-e-perspectivas-no-diagnostico-e-tratamento-precoce-do-cancer.shtml\" rel=\"nofollow noopener\" target=\"_blank\">paciente antes da quimioterapia<\/a> tem algum preju\u00edzo cognitivo, se ela tem algum quadro inicial que possa ter passado despercebido&#8221;, diz. &#8220;Nesses casos \u00e9 importante consultar um neurologista ou um geriatra.&#8221;<\/p>\n<p>O envolvimento de uma equipe multiprofissional, com avalia\u00e7\u00e3o de um neuropsic\u00f3logo e a realiza\u00e7\u00e3o de exerc\u00edcios cognitivos, tamb\u00e9m com um terapeuta ocupacional pode auxiliar a minimizar o impacto, afirma Sanches.<\/p>\n<p>    Cuide-se<\/p>\n<p class=\"c-newsletter__subtitle\">Ci\u00eancia, h\u00e1bitos e preven\u00e7\u00e3o numa newsletter para a sua sa\u00fade e bem-estar<\/p>\n<p>Estrat\u00e9gias simples como ler mais, <a href=\"https:\/\/www1.folha.uol.com.br\/equilibrioesaude\/2024\/10\/exercicio-fisico-melhora-qualidade-de-vida-de-pacientes-com-cancer-de-mama.shtml\" rel=\"nofollow noopener\" target=\"_blank\">praticar atividade f\u00edsica<\/a> como caminhadas, ioga e pilates, escrever, fazer exerc\u00edcios como <a href=\"https:\/\/www1.folha.uol.com.br\/ilustrada\/2025\/09\/folha-abre-area-de-jogos-no-site-com-teste-de-atualidades-a-partir-de-noticias-do-jornal.shtml\" rel=\"nofollow noopener\" target=\"_blank\">palavras cruzadas e sudoku<\/a> e manter contato social s\u00e3o outras possibilidades trazidas pela m\u00e9dica. &#8220;Psicoterapia e suporte emocional s\u00e3o muito importantes, porque quadros de ansiedade e depress\u00e3o podem agravar o &#8216;chemobrain&#8217;.&#8221;<\/p>\n<p>A metan\u00e1lise revelou que os efeitos do treinamento cognitivo, estruturado para melhorar as fun\u00e7\u00f5es como mem\u00f3ria, aten\u00e7\u00e3o e velocidade de processamento, tem um efeito pequeno, mas significativo para melhorar a qualidade de vida dos pacientes.<\/p>\n<p>Al\u00e9m de ter mostrado uma melhora na mem\u00f3ria de trabalho, prospectiva, fun\u00e7\u00f5es executivas e velocidade de processamento, os estudos analisados relataram uma melhora subjetiva no estresse, humor e bem-estar emocional.<\/p>\n<p>    Todas<\/p>\n<p class=\"c-newsletter__subtitle\">Discuss\u00f5es, not\u00edcias e reflex\u00f5es pensadas para mulheres<\/p>\n","protected":false},"excerpt":{"rendered":"Uma metan\u00e1lise publicada na revista Psychooncology concluiu que at\u00e9 75% das mulheres com c\u00e2ncer de mama experimentam uma&hellip;\n","protected":false},"author":2,"featured_media":117123,"comment_status":"","ping_status":"","sticky":false,"template":"","format":"standard","meta":{"footnotes":""},"categories":[86],"tags":[1031,1776,5960,1029,27424,236,116,2196,1208,23543,32,27425,1494,33,2197,2198,117,1030],"class_list":{"0":"post-117122","1":"post","2":"type-post","3":"status-publish","4":"format-standard","5":"has-post-thumbnail","7":"category-saude","8":"tag-autocuidado","9":"tag-cancer","10":"tag-cancer-de-mama","11":"tag-cuide-se","12":"tag-doenca-cognitiva","13":"tag-folha","14":"tag-health","15":"tag-leucemia","16":"tag-medicina","17":"tag-outubro-rosa","18":"tag-portugal","19":"tag-problemas-cognitivos","20":"tag-producao-todas","21":"tag-pt","22":"tag-quimioterapia","23":"tag-radioterapia","24":"tag-saude","25":"tag-saude-mental"},"share_on_mastodon":{"url":"","error":""},"_links":{"self":[{"href":"https:\/\/www.europesays.com\/pt\/wp-json\/wp\/v2\/posts\/117122","targetHints":{"allow":["GET"]}}],"collection":[{"href":"https:\/\/www.europesays.com\/pt\/wp-json\/wp\/v2\/posts"}],"about":[{"href":"https:\/\/www.europesays.com\/pt\/wp-json\/wp\/v2\/types\/post"}],"author":[{"embeddable":true,"href":"https:\/\/www.europesays.com\/pt\/wp-json\/wp\/v2\/users\/2"}],"replies":[{"embeddable":true,"href":"https:\/\/www.europesays.com\/pt\/wp-json\/wp\/v2\/comments?post=117122"}],"version-history":[{"count":0,"href":"https:\/\/www.europesays.com\/pt\/wp-json\/wp\/v2\/posts\/117122\/revisions"}],"wp:featuredmedia":[{"embeddable":true,"href":"https:\/\/www.europesays.com\/pt\/wp-json\/wp\/v2\/media\/117123"}],"wp:attachment":[{"href":"https:\/\/www.europesays.com\/pt\/wp-json\/wp\/v2\/media?parent=117122"}],"wp:term":[{"taxonomy":"category","embeddable":true,"href":"https:\/\/www.europesays.com\/pt\/wp-json\/wp\/v2\/categories?post=117122"},{"taxonomy":"post_tag","embeddable":true,"href":"https:\/\/www.europesays.com\/pt\/wp-json\/wp\/v2\/tags?post=117122"}],"curies":[{"name":"wp","href":"https:\/\/api.w.org\/{rel}","templated":true}]}}