{"id":117126,"date":"2025-10-19T10:26:14","date_gmt":"2025-10-19T10:26:14","guid":{"rendered":"https:\/\/www.europesays.com\/pt\/117126\/"},"modified":"2025-10-19T10:26:14","modified_gmt":"2025-10-19T10:26:14","slug":"5-melhores-lugares-do-brasil-para-assistir-a-rarissima-chuva-de-meteoros-no-dia-21-de-outubro","status":"publish","type":"post","link":"https:\/\/www.europesays.com\/pt\/117126\/","title":{"rendered":"5 melhores lugares do Brasil para assistir \u00e0 rar\u00edssima chuva de meteoros no dia\u00a021\u00a0de\u00a0outubro"},"content":{"rendered":"<p>  <img class=\"content-first-image wp-image-2689004 size-large\" loading=\"eager\" decoding=\"sync\" fetchpriority=\"high\" src=\"https:\/\/www.europesays.com\/pt\/wp-content\/uploads\/2025\/10\/chuva-de-meteoros-no-dia-21-de-outubro-1300x731.jpg\" alt=\"Grupo de pessoas observando chuva de meteoros no dia 21 de outubro sob um c\u00e9u estrelado com a Via L\u00e1ctea vis\u00edvel, ideal para quem busca imagens da chuva de meteoros nesse dia especial.\" width=\"1286\" height=\"723\"  \/>Saiba como assistir a chuva de meteoros no dia 21 de outubroFoto: Imagem gerada por IA\/ND<\/p>\n<p>O c\u00e9u do Brasil vai se transformar em um verdadeiro espet\u00e1culo na madrugada de 21 de outubro, quando a <a href=\"https:\/\/ndmais.com.br\/ciencia-e-espaco\/chuva-de-meteoros-rarissima-no-brasil-tera-pico-20-vezes-maior-que-o-normal-quando-e-onde-ver\/\" rel=\"nofollow noopener\" target=\"_blank\">chuva de meteoros Ori\u00f4nidas<\/a> alcan\u00e7ar seu pico. O fen\u00f4meno, que ocorre quando a Terra cruza os rastros deixados pelo cometa Halley, promete ser um dos mais internos dos \u00faltimos anos, com<strong> at\u00e9 20 meteoros por hora<\/strong>, segundo a Nasa.<\/p>\n<p>A boa not\u00edcia \u00e9 que a <strong>chuva de meteoros no dia 21 de outubro<\/strong> ser\u00e1 vis\u00edvel em todo o territ\u00f3rio nacional. E, como o pico coincide com o primeiro dia da fase da Lua Nova, o c\u00e9u estar\u00e1 escuro, o que deixa a observa\u00e7\u00e3o mais n\u00edtida e impressionante.<\/p>\n<p>Por isso, quem desejar aproveitar o fen\u00f4meno ao m\u00e1ximo, o ideal \u00e9 procurar locais longes das luzes das cidades, com horizonte aberto e c\u00e9u limpo.<\/p>\n<p><a class=\"cta-discover d-flex justify-content-between align-items-center w-100\" target=\"_blank\" rel=\"nofollow noopner noopener\" href=\"https:\/\/profile.google.com\/cp\/Cg0vZy8xMXZ5cjY4NHho\">   Fa\u00e7a como milh\u00f5es de leitores informados: siga o ND Mais no Google.  Seguir<\/a> Melhores lugares do Brasil para observar a chuva de meteoros no dia\u00a021\u00a0de\u00a0outubro    <\/p>\n<ul class=\"slider-galeria-de-foto-wrapper glide__slides\">\n<li id=\"galeria-slide-1\" class=\"slider-galeria-de-foto-slide glide__slide\"> <a href=\"https:\/\/static.ndmais.com.br\/2025\/10\/chapada-diamantina-bahia-1300x731.jpg\" title=\"Chapada Diamantina, na Bahia: com pouca polui\u00e7\u00e3o luminosa e vastas \u00e1reas de c\u00e9u aberto, a Chapada Diamantina \u00e9 um dos destinos mais procurados por quem gosta de observa\u00e7\u00e3o astron\u00f4mica - Chapada Diamantina (Bahia)\" data-caption=\"Chapada Diamantina, na Bahia: com pouca polui\u00e7\u00e3o luminosa e vastas \u00e1reas de c\u00e9u aberto, a Chapada Diamantina \u00e9 um dos destinos mais procurados por quem gosta de observa\u00e7\u00e3o astron\u00f4mica - Chapada Diamantina (Bahia)\" id=\"zoom-gallery-2688954\" class=\"imagem-galeria\" data-fancybox=\"\" rel=\"nofollow noopener\" target=\"_blank\"> <img decoding=\"async\" width=\"800\" height=\"450\" src=\"https:\/\/www.europesays.com\/pt\/wp-content\/uploads\/2025\/10\/chapada-diamantina-bahia-800x450.jpg\" class=\"\" alt=\"Chapada Diamantina, na Bahia: com pouca polui\u00e7\u00e3o luminosa e vastas \u00e1reas de c\u00e9u aberto, a Chapada Diamantina \u00e9 um dos destinos mais procurados por quem gosta de observa\u00e7\u00e3o astron\u00f4mica - Chapada Diamantina (Bahia)\" loading=\"lazy\"  \/> <\/a>  Chapada Diamantina, na Bahia: com pouca polui\u00e7\u00e3o luminosa e vastas \u00e1reas de c\u00e9u aberto, a Chapada Diamantina \u00e9 um dos destinos mais procurados por quem gosta de observa\u00e7\u00e3o astron\u00f4mica &#8211; Chapada Diamantina (Bahia)\n<p> Foto 1 de 5 <\/p>\n<\/li>\n<li id=\"galeria-slide-2\" class=\"slider-galeria-de-foto-slide glide__slide\"> <a href=\"https:\/\/static.ndmais.com.br\/2025\/10\/minas-gerais-1300x731.jpg\" title=\"Interior de Minas Gerais: cidades pequenas e fazendas do interior mineiro oferecem \u00f3timas condi\u00e7\u00f5es para observar o c\u00e9u - Canva\/ND\" data-caption=\"Interior de Minas Gerais: cidades pequenas e fazendas do interior mineiro oferecem \u00f3timas condi\u00e7\u00f5es para observar o c\u00e9u - Canva\/ND\" id=\"zoom-gallery-2688965\" class=\"imagem-galeria\" data-fancybox=\"\" rel=\"nofollow noopener\" target=\"_blank\"> <img decoding=\"async\" width=\"800\" height=\"450\" src=\"https:\/\/www.europesays.com\/pt\/wp-content\/uploads\/2025\/10\/minas-gerais-800x450.jpg\" class=\"\" alt=\"Interior de Minas Gerais: cidades pequenas e fazendas do interior mineiro oferecem \u00f3timas condi\u00e7\u00f5es para observar o c\u00e9u - Canva\/ND\" loading=\"lazy\"  \/> <\/a>  Interior de Minas Gerais: cidades pequenas e fazendas do interior mineiro oferecem \u00f3timas condi\u00e7\u00f5es para observar o c\u00e9u &#8211; Canva\/ND\n<p> Foto 2 de 5 <\/p>\n<\/li>\n<li id=\"galeria-slide-3\" class=\"slider-galeria-de-foto-slide glide__slide\"> <a href=\"https:\/\/static.ndmais.com.br\/2025\/10\/pantanal-mato-grosso-e-mato-grosso-do-sul-1300x731.jpg\" title=\"Pantanal (Mato Grosso e Mato Grosso do Sul): al\u00e9m da beleza natural, o Pantanal tem um dos c\u00e9us mais limpos do pa\u00eds - Canva\/ND\" data-caption=\"Pantanal (Mato Grosso e Mato Grosso do Sul): al\u00e9m da beleza natural, o Pantanal tem um dos c\u00e9us mais limpos do pa\u00eds - Canva\/ND\" id=\"zoom-gallery-2688967\" class=\"imagem-galeria\" data-fancybox=\"\" rel=\"nofollow noopener\" target=\"_blank\"> <img decoding=\"async\" width=\"800\" height=\"450\" src=\"https:\/\/www.europesays.com\/pt\/wp-content\/uploads\/2025\/10\/pantanal-mato-grosso-e-mato-grosso-do-sul-800x450.jpg\" class=\"\" alt=\"Pantanal (Mato Grosso e Mato Grosso do Sul): al\u00e9m da beleza natural, o Pantanal tem um dos c\u00e9us mais limpos do pa\u00eds - Canva\/ND\" loading=\"lazy\"  \/> <\/a>  Pantanal (Mato Grosso e Mato Grosso do Sul): al\u00e9m da beleza natural, o Pantanal tem um dos c\u00e9us mais limpos do pa\u00eds &#8211; Canva\/ND\n<p> Foto 3 de 5 <\/p>\n<\/li>\n<li id=\"galeria-slide-4\" class=\"slider-galeria-de-foto-slide glide__slide\"> <a href=\"https:\/\/static.ndmais.com.br\/2025\/10\/urubici-1300x731.jpg\" title=\"Interior de Santa Catarina: a serra catarinense, especialmente cidades como Urubici e S\u00e3o Joaquim, \u00e9 uma das melhores regi\u00f5es do Sul para observar o fen\u00f4meno - Canva\/ND\" data-caption=\"Interior de Santa Catarina: a serra catarinense, especialmente cidades como Urubici e S\u00e3o Joaquim, \u00e9 uma das melhores regi\u00f5es do Sul para observar o fen\u00f4meno - Canva\/ND\" id=\"zoom-gallery-2688969\" class=\"imagem-galeria\" data-fancybox=\"\" rel=\"nofollow noopener\" target=\"_blank\"> <img decoding=\"async\" width=\"800\" height=\"450\" src=\"https:\/\/www.europesays.com\/pt\/wp-content\/uploads\/2025\/10\/urubici-800x450.jpg\" class=\"\" alt=\"Interior de Santa Catarina: a serra catarinense, especialmente cidades como Urubici e S\u00e3o Joaquim, \u00e9 uma das melhores regi\u00f5es do Sul para observar o fen\u00f4meno - Canva\/ND\" loading=\"lazy\"  \/> <\/a>  Interior de Santa Catarina: a serra catarinense, especialmente cidades como Urubici e S\u00e3o Joaquim, \u00e9 uma das melhores regi\u00f5es do Sul para observar o fen\u00f4meno &#8211; Canva\/ND\n<p> Foto 4 de 5 <\/p>\n<\/li>\n<li id=\"galeria-slide-5\" class=\"slider-galeria-de-foto-slide glide__slide\"> <a href=\"https:\/\/static.ndmais.com.br\/2025\/10\/primeiro-beijo-da-humanidade-parque-nacional-da-serra-da-capivara-1-1300x731.jpg\" title=\"Piau\u00ed: com \u00e1reas rurais amplas e pouca interfer\u00eancia de luz artificial, o Piau\u00ed \u00e9 uma excelente escolha no Nordeste - Reprodu\u00e7\u00e3o\/ND\" data-caption=\"Piau\u00ed: com \u00e1reas rurais amplas e pouca interfer\u00eancia de luz artificial, o Piau\u00ed \u00e9 uma excelente escolha no Nordeste - Reprodu\u00e7\u00e3o\/ND\" id=\"zoom-gallery-2688741\" class=\"imagem-galeria\" data-fancybox=\"\" rel=\"nofollow noopener\" target=\"_blank\"> <img decoding=\"async\" width=\"800\" height=\"450\" src=\"https:\/\/www.europesays.com\/pt\/wp-content\/uploads\/2025\/10\/primeiro-beijo-da-humanidade-parque-nacional-da-serra-da-capivara-1-800x450.jpg\" class=\"\" alt=\"Piau\u00ed: com \u00e1reas rurais amplas e pouca interfer\u00eancia de luz artificial, o Piau\u00ed \u00e9 uma excelente escolha no Nordeste - Reprodu\u00e7\u00e3o\/ND\" loading=\"lazy\"  \/> <\/a>  Piau\u00ed: com \u00e1reas rurais amplas e pouca interfer\u00eancia de luz artificial, o Piau\u00ed \u00e9 uma excelente escolha no Nordeste &#8211; Reprodu\u00e7\u00e3o\/ND\n<p> Foto 5 de 5 <\/p>\n<\/li>\n<\/ul>\n<p>          1. Chapada Diamantina, na Bahia<\/p>\n<p>Com pouca polui\u00e7\u00e3o luminosa e vastas \u00e1reas de c\u00e9u aberto, a<strong> Chapada Diamantina<\/strong> \u00e9 um dos destinos mais procurados por quem gosta de observa\u00e7\u00e3o astron\u00f4mica.<\/p>\n<p>As montanhas e vales da regi\u00e3o criam um cen\u00e1rio natural perfeito para assistir \u00e0 chuva de meteoros.<\/p>\n<p>2. Interior de Minas Gerais<\/p>\n<p>Cidades pequenas e fazendas do interior mineiro oferecem \u00f3timas condi\u00e7\u00f5es para observar o c\u00e9u. Regi\u00f5es como<strong> Serra do Cip\u00f3, Diamantina e Tiradentes<\/strong> s\u00e3o op\u00e7\u00f5es ideais, com pouca ilumina\u00e7\u00e3o e clima geralmente est\u00e1vel em outubro.<\/p>\n<p>3. Pantanal (Mato Grosso e Mato Grosso do Sul)<\/p>\n<p>Al\u00e9m da beleza natural, o Pantanal tem um dos c\u00e9us mais limpos do pa\u00eds. Em noites sem nuvens, a vis\u00e3o da <strong>constela\u00e7\u00e3o de \u00d3rion<\/strong> e dos meteoros cortando o horizonte \u00e9 simplesmente deslumbrante.<\/p>\n<p>4. Interior de Santa Catarina<\/p>\n<p>A serra catarinense, especialmente cidades como <strong>Urubici e S\u00e3o Joaquim<\/strong>, \u00e9 uma das melhores regi\u00f5es do Sul para observar o fen\u00f4meno. A altitude e a baixa polui\u00e7\u00e3o luminosa garantem uma experi\u00eancia privilegiada.<\/p>\n<p>5. Piau\u00ed<\/p>\n<p>Com \u00e1reas rurais amplas e pouca interfer\u00eancia de luz artificial, o Piau\u00ed \u00e9 uma excelente escolha no Nordeste. O<strong> Parque Nacional da Serra da Capivara<\/strong>, por exemplo, oferece um dos c\u00e9us mais escuros do pa\u00eds.<\/p>\n<p>Como observar a chuva de meteoros no dia 21 de outubro<img class=\"wp-image-2643462 size-large\" loading=\"lazy\" decoding=\"async\" src=\"https:\/\/www.europesays.com\/pt\/wp-content\/uploads\/2025\/10\/meteoros-aurigidas-1300x731.jpg\" alt=\"C\u00e9u noturno estrelado com trilhas de estrelas vis\u00edveis sobre montanhas com cores violetas e azuis, exibindo um espet\u00e1culo celestial impressionante.\" width=\"1286\" height=\"723\"  \/>O fen\u00f4meno \u00e9 caracterizado por meteoros r\u00e1pidos e brilhantes que parecem surgir da constela\u00e7\u00e3o de \u00d3rionFoto: Canva\/ND<\/p>\n<p>Para quem<a href=\"https:\/\/ndmais.com.br\/ciencia-e-espaco\/como-observar-o-ceu-astronomia-para-iniciantes\/\" rel=\"nofollow noopener\" target=\"_blank\"> quiser acompanhar a chuva de meteoros<\/a> no dia 21 de outubro, o ideal \u00e9 se preparar com anteced\u00eancia. O melhor hor\u00e1rio para observar o fen\u00f4meno ser\u00e1 entre meia noite e 2h da manh\u00e3, quando a constela\u00e7\u00e3o \u00d3rion estar\u00e1 mais alta no c\u00e9u.<\/p>\n<p>A recomenda\u00e7\u00e3o \u00e9 olhar para o Norte, embora os meteoros possam aparecer em qualquer dire\u00e7\u00e3o. O importante \u00e9 encontrar um <strong>lugar escuro, longe das luzes da cidade<\/strong>, e evitar qualquer fonte de ilumina\u00e7\u00e3o artificial, como lanternas ou telas de celular. Isso ajuda os olhos a se adaptarem \u00e0 escurid\u00e3o.<\/p>\n<p>Tamb\u00e9m vale checar a previs\u00e3o do tempo antes de sair de casa, j\u00e1 que nuvens podem atrapalhar completamente a observa\u00e7\u00e3o. E, acima de tudo, \u00e9 preciso ter paci\u00eancia, pois pode levar alguns minutos at\u00e9 que o primeiro meteoro cruze o c\u00e9u. Depois disso, \u00e9 s\u00f3 relaxar e aproveitar o espet\u00e1culo.<\/p>\n<p>O que \u00e9 a chuva de meteoros Ori\u00f4nidas?<\/p>\n<p>De acordo com o site especializado em astronomia, essa <strong>chuva de meteoros<\/strong> \u00e9 um evento anual que ocorre quando a Terra atravessa a trilha de detritos deixada pelo cometa Halley.<\/p>\n<p>Esse fen\u00f4meno \u00e9 caracterizado por meteoros r\u00e1pidos e brilhantes que parecem surgir da constela\u00e7\u00e3o de \u00d3rion, e seu pico de atividade geralmente acontece por volta do dia 21 de outubro.<\/p>\n<p>Como localizar no c\u00e9u a chuva de meteoros?<\/p>\n<p>O coordenador da American Meteor Society, Robert Lunsford, o<a href=\"https:\/\/ndmais.com.br\/ciencia-e-espaco\/como-observar-o-ceu-astronomia-para-iniciantes\/\" rel=\"nofollow noopener\" target=\"_blank\">\u00a0melhor momento para ver a chuva<\/a>\u00a0ser\u00e1 a partir da meia-noite, quando a constela\u00e7\u00e3o de Orion, que \u00e9 a radiante Ori\u00f4nidas, estiver alta no c\u00e9u.<\/p>\n<p>\u00c9 importante lembrar que a\u00a0chuva de meteoros rar\u00edssimos\u00a0podem surgir em qualquer dire\u00e7\u00e3o. Apesar disso, ela ser\u00e1 melhor vis\u00edvel na dire\u00e7\u00e3o norte do pa\u00eds.<\/p>\n<p>Um m\u00eas para olhar para cima<\/p>\n<p><a href=\"https:\/\/ndmais.com.br\/ciencia-e-espaco\/calendario-astronomico-de-2025-veja-os-principais-eventos-da-astronomia-deste-ano\/\" rel=\"nofollow noopener\" target=\"_blank\">Outubro de 2025 ser\u00e1 um dos meses mais ativos do ano<\/a>\u00a0para quem gosta de astronomia. Entre a superlua e as duas chuvas de meteoros, h\u00e1 muitos motivos para sair \u00e0 noite e admirar o c\u00e9u.<\/p>\n<p>Segundo a NASA, essas observa\u00e7\u00f5es ajudam a conectar as pessoas com o universo e com o ritmo natural dos corpos celestes.<\/p>\n","protected":false},"excerpt":{"rendered":"Saiba como assistir a chuva de meteoros no dia 21 de outubroFoto: Imagem gerada por IA\/ND O c\u00e9u&hellip;\n","protected":false},"author":2,"featured_media":117127,"comment_status":"","ping_status":"","sticky":false,"template":"","format":"standard","meta":{"footnotes":""},"categories":[84],"tags":[726,1966,109,107,108,1967,1149,1968,32,33,105,103,104,106,110],"class_list":{"0":"post-117126","1":"post","2":"type-post","3":"status-publish","4":"format-standard","5":"has-post-thumbnail","7":"category-ciencia-e-tecnologia","8":"tag-brasil","9":"tag-cincia-e-espao","10":"tag-ciencia","11":"tag-ciencia-e-tecnologia","12":"tag-cienciaetecnologia","13":"tag-contedo-de-internet","14":"tag-nasa","15":"tag-notcia","16":"tag-portugal","17":"tag-pt","18":"tag-science","19":"tag-science-and-technology","20":"tag-scienceandtechnology","21":"tag-technology","22":"tag-tecnologia"},"share_on_mastodon":{"url":"","error":""},"_links":{"self":[{"href":"https:\/\/www.europesays.com\/pt\/wp-json\/wp\/v2\/posts\/117126","targetHints":{"allow":["GET"]}}],"collection":[{"href":"https:\/\/www.europesays.com\/pt\/wp-json\/wp\/v2\/posts"}],"about":[{"href":"https:\/\/www.europesays.com\/pt\/wp-json\/wp\/v2\/types\/post"}],"author":[{"embeddable":true,"href":"https:\/\/www.europesays.com\/pt\/wp-json\/wp\/v2\/users\/2"}],"replies":[{"embeddable":true,"href":"https:\/\/www.europesays.com\/pt\/wp-json\/wp\/v2\/comments?post=117126"}],"version-history":[{"count":0,"href":"https:\/\/www.europesays.com\/pt\/wp-json\/wp\/v2\/posts\/117126\/revisions"}],"wp:featuredmedia":[{"embeddable":true,"href":"https:\/\/www.europesays.com\/pt\/wp-json\/wp\/v2\/media\/117127"}],"wp:attachment":[{"href":"https:\/\/www.europesays.com\/pt\/wp-json\/wp\/v2\/media?parent=117126"}],"wp:term":[{"taxonomy":"category","embeddable":true,"href":"https:\/\/www.europesays.com\/pt\/wp-json\/wp\/v2\/categories?post=117126"},{"taxonomy":"post_tag","embeddable":true,"href":"https:\/\/www.europesays.com\/pt\/wp-json\/wp\/v2\/tags?post=117126"}],"curies":[{"name":"wp","href":"https:\/\/api.w.org\/{rel}","templated":true}]}}