{"id":117130,"date":"2025-10-19T10:29:24","date_gmt":"2025-10-19T10:29:24","guid":{"rendered":"https:\/\/www.europesays.com\/pt\/117130\/"},"modified":"2025-10-19T10:29:24","modified_gmt":"2025-10-19T10:29:24","slug":"hospital-de-leiria-medico-baleado-e-suspeito-em-fuga-observador","status":"publish","type":"post","link":"https:\/\/www.europesays.com\/pt\/117130\/","title":{"rendered":"Hospital de Leiria. M\u00e9dico baleado e suspeito em fuga \u2013 Observador"},"content":{"rendered":"<p>Um m\u00e9dico psiquiatra de 53 anos foi atingido com um tiro de uma pistola de chumbo quando estava perto de casa, \u00e0s 23h58 de sexta-feira, revelou ao Observador fonte da Pol\u00edcia Judici\u00e1ria. Os investigadores desenvolvem dilig\u00eancias para encontrar rapidamente o suspeito.<\/p>\n<p>Para j\u00e1, a PJ acredita que a tentativa de homic\u00eddio n\u00e3o est\u00e1 relacionada \u201ccom o exerc\u00edcio da profiss\u00e3o\u201d, apesar de n\u00e3o excluir a hip\u00f3tese de haver uma rela\u00e7\u00e3o \u201cm\u00e9dico-paciente\u201d entre v\u00edtima e agressor.<\/p>\n<p>Ao contr\u00e1rio do que foi avan\u00e7ado inicialmente, fonte da investiga\u00e7\u00e3o garante ao Observador que o m\u00e9dico n\u00e3o foi atingido com uma arma de fogo, mas com \u201cuma arma semelhante a uma arma de fogo\u201d que dispara balas de chumbo e que \u201cpode provocar les\u00f5es graves\u201d. Quando foi baleada, a v\u00edtima estaria na companhia de outra pessoa que ficou com ferimentos de menor gravidade, disse \u00e0 Lusa o Comando Sub-regional de Emerg\u00eancia e Prote\u00e7\u00e3o Civil da Regi\u00e3o de Leiria.<\/p>\n<p>O conselho de administra\u00e7\u00e3o da Unidade Local de Sa\u00fade (ULS) da Regi\u00e3o de Leiria garantiu atrav\u00e9s de um comunicado que a v\u00edtima \u201cteve alta\u201d depois de ter sido observada no Servi\u00e7o de Urg\u00eancia do Hospital Santo Andr\u00e9 (HSA), onde chegou em estado grave. O conselho de administra\u00e7\u00e3o (CA)\u00a0da ULS de Leiria condenou e lamentou a ocorr\u00eancia, mas frisou que esta aconteceu \u201cfora das instala\u00e7\u00f5es do hospital\u201d, sem confirmar o papel do profissional na institui\u00e7\u00e3o.<\/p>\n<p>\u201cO CA prestar\u00e1 toda a colabora\u00e7\u00e3o necess\u00e1ria \u00e0s autoridades competentes que est\u00e3o a investigar o caso\u201d, acrescentou, reafirmando o \u201ctotal compromisso na defesa dos seus profissionais, n\u00e3o tolerando qualquer forma de viol\u00eancia contra quem dedica a sua vida ao cuidado dos outros\u201d, num comunicado citado pela Lusa.<\/p>\n<p>Not\u00edcia atualizada pelas 00h30 com informa\u00e7\u00e3o sobre a profiss\u00e3o da v\u00edtima e com corre\u00e7\u00e3o \u00e0 informa\u00e7\u00e3o inicialmente avan\u00e7ada pela autoridades sobre a arma utilizada<\/p>\n","protected":false},"excerpt":{"rendered":"Um m\u00e9dico psiquiatra de 53 anos foi atingido com um tiro de uma pistola de chumbo quando estava&hellip;\n","protected":false},"author":2,"featured_media":117131,"comment_status":"","ping_status":"","sticky":false,"template":"","format":"standard","meta":{"footnotes":""},"categories":[10],"tags":[27,28,604,15,16,14,25,26,5423,21,22,12,13,19,20,57,32,23,24,33,58,17,18,29,30,31],"class_list":{"0":"post-117130","1":"post","2":"type-post","3":"status-publish","4":"format-standard","5":"has-post-thumbnail","7":"category-portugal","8":"tag-breaking-news","9":"tag-breakingnews","10":"tag-crime","11":"tag-featured-news","12":"tag-featurednews","13":"tag-headlines","14":"tag-latest-news","15":"tag-latestnews","16":"tag-leiria","17":"tag-main-news","18":"tag-mainnews","19":"tag-news","20":"tag-noticias","21":"tag-noticias-principais","22":"tag-noticiasprincipais","23":"tag-pau00eds","24":"tag-portugal","25":"tag-principais-noticias","26":"tag-principaisnoticias","27":"tag-pt","28":"tag-sociedade","29":"tag-top-stories","30":"tag-topstories","31":"tag-ultimas","32":"tag-ultimas-noticias","33":"tag-ultimasnoticias"},"share_on_mastodon":{"url":"","error":""},"_links":{"self":[{"href":"https:\/\/www.europesays.com\/pt\/wp-json\/wp\/v2\/posts\/117130","targetHints":{"allow":["GET"]}}],"collection":[{"href":"https:\/\/www.europesays.com\/pt\/wp-json\/wp\/v2\/posts"}],"about":[{"href":"https:\/\/www.europesays.com\/pt\/wp-json\/wp\/v2\/types\/post"}],"author":[{"embeddable":true,"href":"https:\/\/www.europesays.com\/pt\/wp-json\/wp\/v2\/users\/2"}],"replies":[{"embeddable":true,"href":"https:\/\/www.europesays.com\/pt\/wp-json\/wp\/v2\/comments?post=117130"}],"version-history":[{"count":0,"href":"https:\/\/www.europesays.com\/pt\/wp-json\/wp\/v2\/posts\/117130\/revisions"}],"wp:featuredmedia":[{"embeddable":true,"href":"https:\/\/www.europesays.com\/pt\/wp-json\/wp\/v2\/media\/117131"}],"wp:attachment":[{"href":"https:\/\/www.europesays.com\/pt\/wp-json\/wp\/v2\/media?parent=117130"}],"wp:term":[{"taxonomy":"category","embeddable":true,"href":"https:\/\/www.europesays.com\/pt\/wp-json\/wp\/v2\/categories?post=117130"},{"taxonomy":"post_tag","embeddable":true,"href":"https:\/\/www.europesays.com\/pt\/wp-json\/wp\/v2\/tags?post=117130"}],"curies":[{"name":"wp","href":"https:\/\/api.w.org\/{rel}","templated":true}]}}