{"id":117134,"date":"2025-10-19T10:35:22","date_gmt":"2025-10-19T10:35:22","guid":{"rendered":"https:\/\/www.europesays.com\/pt\/117134\/"},"modified":"2025-10-19T10:35:22","modified_gmt":"2025-10-19T10:35:22","slug":"irma-de-britney-spears-jamie-lynn-escreveu-cartas-parabenizando-kevin-federline","status":"publish","type":"post","link":"https:\/\/www.europesays.com\/pt\/117134\/","title":{"rendered":"Irm\u00e3 de Britney Spears, Jamie Lynn escreveu cartas parabenizando Kevin Federline"},"content":{"rendered":"<p><a href=\"https:\/\/portalpopline.com.br\/kevin-federline-choca-britney-spears-cocaina-fase-amamentacao\/\" target=\"_blank\" rel=\"noopener nofollow\">Divulgando sua autobiografia,<\/a> o ex-marido de <strong>Britney Spears Kevin Federline<\/strong> revelou que recebeu cartas da ex-cunhada <strong>Jamie Lynn Spears<\/strong> parabenizando-o pela cria\u00e7\u00e3o dos filhos. Nas cartas, ela afirma que <strong>Jamie Lynn<\/strong> se ressentia pela maneira como <strong>Britney<\/strong> tratava <strong>Sean Preston<\/strong> e <strong>Jayden James,<\/strong> porque \u201cisso claramente estava afetando-os\u201d.<\/p>\n<p><img loading=\"lazy\" decoding=\"async\" aria-describedby=\"caption-attachment-1000168\" class=\"size-full wp-image-1000168\" src=\"https:\/\/www.europesays.com\/pt\/wp-content\/uploads\/2025\/10\/britney-spears-jamie-lynn-spears.jpg\" alt=\"Irm\u00e3 de Britney Spears, Jamie Lynn escreveu cartas parabenizando Kevin Federline\" width=\"1200\" height=\"675\"\/><\/p>\n<p id=\"caption-attachment-1000168\" class=\"wp-caption-text\">(Foto: Radio Disney)<\/p>\n<p>De acordo com o relato de <strong>Kevin,<\/strong> <strong>Jamie Lynn<\/strong> tamb\u00e9m escreveu que <strong>Britney<\/strong> n\u00e3o melhoraria, porque era incapaz de assumir responsabilidades. Segundo <strong>Jamie Lynn,<\/strong> era compreens\u00edvel caso<strong> Kevin<\/strong> e sua esposa preferissem cortar rela\u00e7\u00f5es com<strong> Britney<\/strong>.<\/p>\n<blockquote>\n<p>\u201cTenho certeza de que minha irm\u00e3 nunca agradeceu a voc\u00eas por criarem seus filhos e ainda serem extremamente gentis em permitir que ela participasse de tantas vidas, mesmo quando voc\u00eas tinham motivos mais do que suficientes para justificar o corte\u201d, teria escrito Jamie Lynn.<\/p>\n<\/blockquote>\n<p>\u00c9 importante dizer que <strong>Britney Spears<\/strong> escolheu se afastar de<strong> Jamie Lynn<\/strong>, sua irm\u00e3 mais nova, assim como de seu pai e de sua m\u00e3e. Durante a batalha legal pelo fim da tutela, ela acusou toda a fam\u00edlia de maus tratos, mentiras e desvio de patrim\u00f4nio.<strong> Britney<\/strong> chegou a dizer que <a href=\"https:\/\/portalpopline.com.br\/britney-spears-tapa-mae-irma\/\" target=\"_blank\" rel=\"noopener nofollow\">deveria ter dado um tapa na cara da irm\u00e3<\/a> e, por meio do advogado, <a href=\"https:\/\/portalpopline.com.br\/em-carta-advogado-de-britney-spears-pede-que-irma-da-cantora-pare-de-cita-la\/\" target=\"_blank\" rel=\"noopener nofollow\">pediu que <strong>Jamie Lynn<\/strong> parasse de cit\u00e1-la<\/a>.<\/p>\n<p><img loading=\"lazy\" decoding=\"async\" aria-describedby=\"caption-attachment-1000169\" class=\"size-full wp-image-1000169\" src=\"https:\/\/www.europesays.com\/pt\/wp-content\/uploads\/2025\/10\/jamie-lynn-spears.jpg\" alt=\"Irm\u00e3 de Britney Spears, Jamie Lynn escreveu cartas parabenizando Kevin Federline\" width=\"1080\" height=\"1346\"\/><\/p>\n<p id=\"caption-attachment-1000169\" class=\"wp-caption-text\">(Foto: Instagram @jamielynnspears)<\/p>\n<p>O que Britney Spears fazia com os filhos, segundo Kevin Federline<\/p>\n<p>No livro do <strong>Kevin,<\/strong> ele faz acusa\u00e7\u00f5es graves contra <strong>Britney Spears,<\/strong> que envolvem viol\u00eancia f\u00edsica contra ele e os filhos. Segundo o ex-marido, cada visita dos filhos \u00e0 cantora \u201cparecia terminar com ela gritando sobre algo\u201d, o que levou os meninos a <strong>\u201cn\u00e3o quererem mais lidar com aquilo\u201d.<\/strong> <strong>Sean Preston<\/strong> teria relatado um soco no rosto.<\/p>\n<p>\u201cUma noite, depois de outra visita perturbadora, os meninos chegaram em casa e disseram: \u2018J\u00e1 deu. N\u00e3o vamos voltar&#8217;\u201d, narra. Segundo ele, durante um briga, <strong>Britney<\/strong> teria disparado que preferia que <strong>Kevin<\/strong> e <strong>Jayden<\/strong> estivessem mortos.<\/p>\n<p><img loading=\"lazy\" decoding=\"async\" aria-describedby=\"caption-attachment-999873\" class=\"size-full wp-image-999873\" src=\"https:\/\/www.europesays.com\/pt\/wp-content\/uploads\/2025\/10\/kevin-federline-britney-spears.jpg\" alt=\"Kevin Federline vai al\u00e9m e choca: &quot;Britney Spears usou coca\u00edna na fase de amamenta\u00e7\u00e3o&quot;\" width=\"1200\" height=\"902\"\/><\/p>\n<p id=\"caption-attachment-999873\" class=\"wp-caption-text\">(Foto: Divulga\u00e7\u00e3o \/ Instagram @britneyspears)<\/p>\n","protected":false},"excerpt":{"rendered":"Divulgando sua autobiografia, o ex-marido de Britney Spears Kevin Federline revelou que recebeu cartas da ex-cunhada Jamie Lynn&hellip;\n","protected":false},"author":2,"featured_media":117135,"comment_status":"","ping_status":"","sticky":false,"template":"","format":"standard","meta":{"footnotes":""},"categories":[141],"tags":[11325,239,3599,27426,114,115,981,26174,7391,237,149,150,571,32,33,26777],"class_list":{"0":"post-117134","1":"post","2":"type-post","3":"status-publish","4":"format-standard","5":"has-post-thumbnail","7":"category-musica","8":"tag-autobiografia","9":"tag-biografia","10":"tag-britney-spears","11":"tag-cartas","12":"tag-entertainment","13":"tag-entretenimento","14":"tag-familia","15":"tag-jamie-lynn-spears","16":"tag-kevin-federline","17":"tag-livro","18":"tag-music","19":"tag-musica","20":"tag-plantao","21":"tag-portugal","22":"tag-pt","23":"tag-you-thought-you-knew"},"share_on_mastodon":{"url":"","error":""},"_links":{"self":[{"href":"https:\/\/www.europesays.com\/pt\/wp-json\/wp\/v2\/posts\/117134","targetHints":{"allow":["GET"]}}],"collection":[{"href":"https:\/\/www.europesays.com\/pt\/wp-json\/wp\/v2\/posts"}],"about":[{"href":"https:\/\/www.europesays.com\/pt\/wp-json\/wp\/v2\/types\/post"}],"author":[{"embeddable":true,"href":"https:\/\/www.europesays.com\/pt\/wp-json\/wp\/v2\/users\/2"}],"replies":[{"embeddable":true,"href":"https:\/\/www.europesays.com\/pt\/wp-json\/wp\/v2\/comments?post=117134"}],"version-history":[{"count":0,"href":"https:\/\/www.europesays.com\/pt\/wp-json\/wp\/v2\/posts\/117134\/revisions"}],"wp:featuredmedia":[{"embeddable":true,"href":"https:\/\/www.europesays.com\/pt\/wp-json\/wp\/v2\/media\/117135"}],"wp:attachment":[{"href":"https:\/\/www.europesays.com\/pt\/wp-json\/wp\/v2\/media?parent=117134"}],"wp:term":[{"taxonomy":"category","embeddable":true,"href":"https:\/\/www.europesays.com\/pt\/wp-json\/wp\/v2\/categories?post=117134"},{"taxonomy":"post_tag","embeddable":true,"href":"https:\/\/www.europesays.com\/pt\/wp-json\/wp\/v2\/tags?post=117134"}],"curies":[{"name":"wp","href":"https:\/\/api.w.org\/{rel}","templated":true}]}}