{"id":117163,"date":"2025-10-19T10:57:28","date_gmt":"2025-10-19T10:57:28","guid":{"rendered":"https:\/\/www.europesays.com\/pt\/117163\/"},"modified":"2025-10-19T10:57:28","modified_gmt":"2025-10-19T10:57:28","slug":"travessia-no-douro-este-servico-nunca-devia-ter-acabado-e-claro-que-faz-falta","status":"publish","type":"post","link":"https:\/\/www.europesays.com\/pt\/117163\/","title":{"rendered":"Travessia no Douro: &#8220;Este servi\u00e7o nunca devia ter acabado. \u00c9 claro que faz falta&#8221;"},"content":{"rendered":"<p>Ant\u00f3nio Arruela, nascido e criado na Afurada, j\u00e1 deu &#8220;cinco voltas ao Mundo&#8221;. Foi pescador. Diz que o servi\u00e7o de barco entre Porto e Gaia &#8220;nunca devia ter acabado&#8221; e que &#8220;\u00e9 claro que faz falta&#8221;. Desde que foi retomada a liga\u00e7\u00e3o fluvial, tem assistido ao corrupio de gente, no entra e sai do barco, com &#8220;satisfa\u00e7\u00e3o&#8221;. Cr\u00ea que era de &#8220;esperar&#8221; tamanha ades\u00e3o.<\/p>\n<p data-remotead-prev-elm=\"true\" data-remotead-elm-id=\"inread\">A localidade piscat\u00f3ria \u00e9 cativante e \u00e9 o ponto de partida para um passeio pela orla mar\u00edtima gaiense, mas o barco tamb\u00e9m serve quem quer cruzar o rio Douro para chegar \u00e0 Invicta. Satisfaz a popula\u00e7\u00e3o dos dois concelhos e os muitos forasteiros que visitam estas paragens. Ant\u00f3nio Arruela lamenta o hiato de seis anos e \u00e9 com agrado que olha para a decis\u00e3o das duas c\u00e2maras de retomar as viagens, embora esteja na expectativa sobre o que se ir\u00e1 seguir.<\/p>\n","protected":false},"excerpt":{"rendered":"Ant\u00f3nio Arruela, nascido e criado na Afurada, j\u00e1 deu &#8220;cinco voltas ao Mundo&#8221;. Foi pescador. Diz que o&hellip;\n","protected":false},"author":2,"featured_media":117164,"comment_status":"","ping_status":"","sticky":false,"template":"","format":"standard","meta":{"footnotes":""},"categories":[10],"tags":[27429,27,28,20018,4928,15,16,14,25,26,21,22,4998,12,13,19,20,32,23,24,33,17,18,29,30,31,18859],"class_list":{"0":"post-117163","1":"post","2":"type-post","3":"status-publish","4":"format-standard","5":"has-post-thumbnail","7":"category-portugal","8":"tag-afurada","9":"tag-breaking-news","10":"tag-breakingnews","11":"tag-concelho-porto","12":"tag-douro","13":"tag-featured-news","14":"tag-featurednews","15":"tag-headlines","16":"tag-latest-news","17":"tag-latestnews","18":"tag-main-news","19":"tag-mainnews","20":"tag-mobilidade","21":"tag-news","22":"tag-noticias","23":"tag-noticias-principais","24":"tag-noticiasprincipais","25":"tag-portugal","26":"tag-principais-noticias","27":"tag-principaisnoticias","28":"tag-pt","29":"tag-top-stories","30":"tag-topstories","31":"tag-ultimas","32":"tag-ultimas-noticias","33":"tag-ultimasnoticias","34":"tag-vila-nova-de-gaia"},"share_on_mastodon":{"url":"","error":""},"_links":{"self":[{"href":"https:\/\/www.europesays.com\/pt\/wp-json\/wp\/v2\/posts\/117163","targetHints":{"allow":["GET"]}}],"collection":[{"href":"https:\/\/www.europesays.com\/pt\/wp-json\/wp\/v2\/posts"}],"about":[{"href":"https:\/\/www.europesays.com\/pt\/wp-json\/wp\/v2\/types\/post"}],"author":[{"embeddable":true,"href":"https:\/\/www.europesays.com\/pt\/wp-json\/wp\/v2\/users\/2"}],"replies":[{"embeddable":true,"href":"https:\/\/www.europesays.com\/pt\/wp-json\/wp\/v2\/comments?post=117163"}],"version-history":[{"count":0,"href":"https:\/\/www.europesays.com\/pt\/wp-json\/wp\/v2\/posts\/117163\/revisions"}],"wp:featuredmedia":[{"embeddable":true,"href":"https:\/\/www.europesays.com\/pt\/wp-json\/wp\/v2\/media\/117164"}],"wp:attachment":[{"href":"https:\/\/www.europesays.com\/pt\/wp-json\/wp\/v2\/media?parent=117163"}],"wp:term":[{"taxonomy":"category","embeddable":true,"href":"https:\/\/www.europesays.com\/pt\/wp-json\/wp\/v2\/categories?post=117163"},{"taxonomy":"post_tag","embeddable":true,"href":"https:\/\/www.europesays.com\/pt\/wp-json\/wp\/v2\/tags?post=117163"}],"curies":[{"name":"wp","href":"https:\/\/api.w.org\/{rel}","templated":true}]}}