{"id":117165,"date":"2025-10-19T10:59:18","date_gmt":"2025-10-19T10:59:18","guid":{"rendered":"https:\/\/www.europesays.com\/pt\/117165\/"},"modified":"2025-10-19T10:59:18","modified_gmt":"2025-10-19T10:59:18","slug":"a-que-separou-e-out","status":"publish","type":"post","link":"https:\/\/www.europesays.com\/pt\/117165\/","title":{"rendered":"&#8220;A que separou \u00e9 out"},"content":{"rendered":"<p>Neste s\u00e1bado, a humorista <a href=\"https:\/\/www.otempo.com.br\/entretenimento\/2025\/8\/21\/tata-werneck-da-bronca-em-ator-apos-ele-expor-ajuda-perdeu-uma-amiga\" rel=\"nofollow noopener\" target=\"_blank\"><strong>Tata Werneck<\/strong><\/a>, de 42 anos, revelou que foi confundida com <a href=\"https:\/\/www.otempo.com.br\/entretenimento\/2025\/10\/17\/tata-estaniecki-remove-sobrenome-de-cocielo-das-redes-sociais\" rel=\"nofollow noopener\" target=\"_blank\"><strong>Tata Estaniecki<\/strong><\/a>, nas redes sociais, ap\u00f3s o fim do casamento entre a influenciadora e o youtuber <strong>J\u00falio Cocielo<\/strong>. Em seu perfil, a apresentadora do &#8216;Lady Night&#8217; afirmou que est\u00e1 recebendo mensagens de internautas repercutindo a &#8216;sua&#8217; separa\u00e7\u00e3o.<\/p>\n<p>&#8220;Eu estou casada, amigos. A Tata que se separou \u00e9 outra&#8221;, escreveu a famosa.<\/p>\n<p>&#8220;Do nada me mandaram pra casa do caralho e eu estava apenas trabalhando como uma jovem senhora donzela estressada&#8221;, acrescentou a esposa de <strong>Rafa Vitti.<\/strong><\/p>\n<p>Na noite de quinta-feira (16), <strong>J\u00falio Cocielo<\/strong> anunciou o fim de oito anos de uni\u00e3o com <strong>Tata Estaniecki<\/strong> e desejou felicidades \u00e1 ex-companheira. &#8220;N\u00e3o foi um tempo em v\u00e3o. Foram os melhores momentos das nossas vidas e seremos sempre gratos um pelo outro. Ent\u00e3o, n\u00e3o pense no pior, n\u00e3o tenha medo de se entregar. V\u00e1 ser feliz. Faz parte&#8221;, escreveu ele.<\/p>\n","protected":false},"excerpt":{"rendered":"Neste s\u00e1bado, a humorista Tata Werneck, de 42 anos, revelou que foi confundida com Tata Estaniecki, nas redes&hellip;\n","protected":false},"author":2,"featured_media":117166,"comment_status":"","ping_status":"","sticky":false,"template":"","format":"standard","meta":{"footnotes":""},"categories":[145],"tags":[211,210,114,115,32,33,27110,1136],"class_list":{"0":"post-117165","1":"post","2":"type-post","3":"status-publish","4":"format-standard","5":"has-post-thumbnail","7":"category-celebridades","8":"tag-celebridades","9":"tag-celebrities","10":"tag-entertainment","11":"tag-entretenimento","12":"tag-portugal","13":"tag-pt","14":"tag-tata-estaniecki","15":"tag-tata-werneck"},"share_on_mastodon":{"url":"","error":""},"_links":{"self":[{"href":"https:\/\/www.europesays.com\/pt\/wp-json\/wp\/v2\/posts\/117165","targetHints":{"allow":["GET"]}}],"collection":[{"href":"https:\/\/www.europesays.com\/pt\/wp-json\/wp\/v2\/posts"}],"about":[{"href":"https:\/\/www.europesays.com\/pt\/wp-json\/wp\/v2\/types\/post"}],"author":[{"embeddable":true,"href":"https:\/\/www.europesays.com\/pt\/wp-json\/wp\/v2\/users\/2"}],"replies":[{"embeddable":true,"href":"https:\/\/www.europesays.com\/pt\/wp-json\/wp\/v2\/comments?post=117165"}],"version-history":[{"count":0,"href":"https:\/\/www.europesays.com\/pt\/wp-json\/wp\/v2\/posts\/117165\/revisions"}],"wp:featuredmedia":[{"embeddable":true,"href":"https:\/\/www.europesays.com\/pt\/wp-json\/wp\/v2\/media\/117166"}],"wp:attachment":[{"href":"https:\/\/www.europesays.com\/pt\/wp-json\/wp\/v2\/media?parent=117165"}],"wp:term":[{"taxonomy":"category","embeddable":true,"href":"https:\/\/www.europesays.com\/pt\/wp-json\/wp\/v2\/categories?post=117165"},{"taxonomy":"post_tag","embeddable":true,"href":"https:\/\/www.europesays.com\/pt\/wp-json\/wp\/v2\/tags?post=117165"}],"curies":[{"name":"wp","href":"https:\/\/api.w.org\/{rel}","templated":true}]}}