{"id":117167,"date":"2025-10-19T11:01:37","date_gmt":"2025-10-19T11:01:37","guid":{"rendered":"https:\/\/www.europesays.com\/pt\/117167\/"},"modified":"2025-10-19T11:01:37","modified_gmt":"2025-10-19T11:01:37","slug":"festa-literaria-de-ibiapaba-abre-inscricoes-para-autores-independentes-lancarem-seus-livros","status":"publish","type":"post","link":"https:\/\/www.europesays.com\/pt\/117167\/","title":{"rendered":"Festa Liter\u00e1ria de Ibiapaba abre inscri\u00e7\u00f5es para autores independentes lan\u00e7arem seus livros"},"content":{"rendered":"\n<p data-start=\"101\" data-end=\"378\">A Festa Liter\u00e1ria de Ibiapaba (FLIIBI) est\u00e1 com inscri\u00e7\u00f5es abertas para autores e autoras independentes que desejam lan\u00e7ar seus livros durante o evento. A iniciativa busca valorizar a produ\u00e7\u00e3o liter\u00e1ria regional e abrir espa\u00e7o para novas vozes da literatura cearense.<\/p>\n<p data-start=\"380\" data-end=\"618\">As inscri\u00e7\u00f5es s\u00e3o gratuitas e podem ser feitas at\u00e9 o dia 26 de outubro, por meio do Mapa Cultural do Cear\u00e1, <a class=\"decorated-link\" href=\"https:\/\/mapacultural.secult.ce.gov.br\/oportunidade\/7205\" target=\"_new\" rel=\"noopener nofollow\" data-start=\"509\" data-end=\"615\"><strong>AQUI<\/strong><\/a><\/p>\n<p data-start=\"620\" data-end=\"837\">A FLIIBI se consolida como um dos mais importantes encontros liter\u00e1rios da Serra da Ibiapaba, reunindo escritores, leitores, artistas e educadores em uma programa\u00e7\u00e3o diversa que celebra o livro, a leitura e a cultura.<\/p>\n<p data-start=\"839\" data-end=\"1023\">O projeto \u00e9 apoiado com recursos da Lei n\u00ba 14.399\/22, que institui a Pol\u00edtica Nacional Aldir Blanc (PNAB), por meio da Secretaria de Turismo e Cultura de Vi\u00e7osa do Cear\u00e1.<\/p>\n<p data-start=\"1025\" data-end=\"1209\" data-is-last-node=\"\" data-is-only-node=\"\"> Se voc\u00ea \u00e9 escritor ou escritora independente, essa \u00e9 uma excelente oportunidade para divulgar sua obra e fazer parte de um evento que valoriza a literatura e o talento regional.<\/p>\n","protected":false},"excerpt":{"rendered":"A Festa Liter\u00e1ria de Ibiapaba (FLIIBI) est\u00e1 com inscri\u00e7\u00f5es abertas para autores e autoras independentes que desejam lan\u00e7ar&hellip;\n","protected":false},"author":2,"featured_media":117168,"comment_status":"","ping_status":"","sticky":false,"template":"","format":"standard","meta":{"footnotes":""},"categories":[143],"tags":[169,114,115,170,32,33],"class_list":{"0":"post-117167","1":"post","2":"type-post","3":"status-publish","4":"format-standard","5":"has-post-thumbnail","7":"category-livros","8":"tag-books","9":"tag-entertainment","10":"tag-entretenimento","11":"tag-livros","12":"tag-portugal","13":"tag-pt"},"share_on_mastodon":{"url":"","error":""},"_links":{"self":[{"href":"https:\/\/www.europesays.com\/pt\/wp-json\/wp\/v2\/posts\/117167","targetHints":{"allow":["GET"]}}],"collection":[{"href":"https:\/\/www.europesays.com\/pt\/wp-json\/wp\/v2\/posts"}],"about":[{"href":"https:\/\/www.europesays.com\/pt\/wp-json\/wp\/v2\/types\/post"}],"author":[{"embeddable":true,"href":"https:\/\/www.europesays.com\/pt\/wp-json\/wp\/v2\/users\/2"}],"replies":[{"embeddable":true,"href":"https:\/\/www.europesays.com\/pt\/wp-json\/wp\/v2\/comments?post=117167"}],"version-history":[{"count":0,"href":"https:\/\/www.europesays.com\/pt\/wp-json\/wp\/v2\/posts\/117167\/revisions"}],"wp:featuredmedia":[{"embeddable":true,"href":"https:\/\/www.europesays.com\/pt\/wp-json\/wp\/v2\/media\/117168"}],"wp:attachment":[{"href":"https:\/\/www.europesays.com\/pt\/wp-json\/wp\/v2\/media?parent=117167"}],"wp:term":[{"taxonomy":"category","embeddable":true,"href":"https:\/\/www.europesays.com\/pt\/wp-json\/wp\/v2\/categories?post=117167"},{"taxonomy":"post_tag","embeddable":true,"href":"https:\/\/www.europesays.com\/pt\/wp-json\/wp\/v2\/tags?post=117167"}],"curies":[{"name":"wp","href":"https:\/\/api.w.org\/{rel}","templated":true}]}}