{"id":117169,"date":"2025-10-19T11:02:10","date_gmt":"2025-10-19T11:02:10","guid":{"rendered":"https:\/\/www.europesays.com\/pt\/117169\/"},"modified":"2025-10-19T11:02:10","modified_gmt":"2025-10-19T11:02:10","slug":"desses-personagens-que-vao-passar-em-outra-novela-tipo-jamanta-diz-paolla-oliveira","status":"publish","type":"post","link":"https:\/\/www.europesays.com\/pt\/117169\/","title":{"rendered":"&#8216;Desses personagens que v\u00e3o passar em outra novela, tipo Jamanta&#8217;, diz Paolla Oliveira"},"content":{"rendered":"\n<p class=\" content-text__container theme-color-primary-first-letter\" data-track-category=\"Link no Texto\" data-track-links=\"\"> Odete Roitman n\u00e3o morreu, e prometeu em sua \u00faltima cena de &#8216;Vale tudo&#8217;: &#8216;Odete sempre volta&#8217;. A frase fez a web recuperar um<a class=\"\" href=\"https:\/\/oglobo.globo.com\/cultura\/noticia\/2025\/10\/17\/apos-falsa-morte-de-odete-web-recupera-mais-um-role-aleatorio-de-debora-bloch-com-ronaldinho-gaucho-esta-viva.ghtml\" rel=\"nofollow noopener\" target=\"_blank\"> &#8216;rol\u00ea aleat\u00f3rio&#8217; de D\u00e9bora Bloch com Ronaldinho Ga\u00facho<\/a>, que postou uma foto dela na \u00faltima-sexta-feira (17) com a legenda: &#8216;Est\u00e1 viva&#8217;. &#8220;Ronaldinho j\u00e1 sabia de tudo&#8221;, disseram internautas. <\/p>\n<ul class=\"content-unordered-list\">\n<li><strong>Crise de abstin\u00eancia? <\/strong><a class=\"\" href=\"https:\/\/oglobo.globo.com\/cultura\/noticia\/2025\/10\/18\/crise-de-abstinencia-apos-fim-de-vale-tudo-fas-ja-saudosos-vao-atras-da-versao-original.ghtml\" rel=\"nofollow noopener\" target=\"_blank\">Ap\u00f3s fim de &#8216;Vale tudo&#8217;, f\u00e3s j\u00e1 saudosos v\u00e3o atr\u00e1s da vers\u00e3o original<\/a><\/li>\n<li><strong>Da surpresa de Odete Roitman ao novo golpe de F\u00e1tima:<\/strong> <a class=\"\" href=\"https:\/\/oglobo.globo.com\/cultura\/noticia\/2025\/10\/18\/da-surpresa-de-odete-roitman-ao-novo-golpe-de-fatima-confira-como-os-personagens-mais-importantes-terminaram-vale-tudo.ghtml\" rel=\"nofollow noopener\" target=\"_blank\">confira como os personagens mais importantes terminaram &#8216;Vale Tudo&#8217;<\/a><\/li>\n<\/ul>\n<p class=\" content-text__container \" data-track-category=\"Link no Texto\" data-track-links=\"\"> O texto da pr\u00f3pria personagem avisando, no \u00faltimo cap\u00edtulo, que o fim n\u00e3o \u00e9 uma op\u00e7\u00e3o para ela plantou um triplex na cabe\u00e7a dos telespectadores. Ser\u00e1 que haver\u00e1 &#8216;Vale tudo 2?&#8217;, &#8216;Um spin off da novela?&#8217;. <\/p>\n<p class=\" content-text__container \" data-track-category=\"Link no Texto\" data-track-links=\"\"> Se essa d\u00favida paira no ar, <a class=\"\" href=\"https:\/\/oglobo.globo.com\/tudo-sobre\/personalidade\/paolla-oliveira\" rel=\"nofollow noopener\" target=\"_blank\">Paolla Oliveira<\/a>, int\u00e9rprete de Heleninha, arrisca dizer que a alcoolista tem cacife para ressurgir: <\/p>\n<p class=\" content-text__container \" data-track-category=\"Link no Texto\" data-track-links=\"\"> &#8211; Acho que Heleninha \u00e9 desses personagens que v\u00e3o passar em outra novela, que volta, sabe, tipo o Jamanta? Ela tem hist\u00f3ria pra contar &#8211; disse a atriz em entrevista ao &#8216;videocast &#8216;<a class=\"\" href=\"https:\/\/oglobo.globo.com\/tudo-sobre\/assunto\/conversa-vai-conversa-vem\/\" rel=\"nofollow noopener\" target=\"_blank\">Conversa vai, conversa vem<\/a>&#8216;, apresentado pela jornalista Maria Fortuna. <\/p>\n<p class=\" content-text__container \" data-track-category=\"Link no Texto\" data-track-links=\"\"> A atriz analisou como a dramaturgia pode ajudar a debater o alcoolismo, mais um lugar em que a mulher enfrenta estigmas: <\/p>\n<ul class=\"content-unordered-list\">\n<li><strong>Fim do mist\u00e9rio: <\/strong><a class=\"\" href=\"https:\/\/oglobo.globo.com\/cultura\/noticia\/2025\/10\/17\/fim-do-misterio-odete-roitman-nao-morreu-saiba-o-que-aconteceu.ghtml\" rel=\"nofollow noopener\" target=\"_blank\">Odete Roitman n\u00e3o morreu; saiba o que aconteceu em &#8216;Vale tudo&#8217;<\/a><\/li>\n<li><strong>Em 1988:<\/strong><a class=\"\" href=\"https:\/\/oglobo.globo.com\/cultura\/noticia\/2025\/10\/17\/vale-tudo-termina-com-solucao-do-misterio-quem-matou-odete-roitman-confira-o-final-da-novela.ghtml\" rel=\"nofollow noopener\" target=\"_blank\"> quem matou Odete Roitman na primeira vers\u00e3o de &#8216;Vale Tudo&#8217;?<\/a><\/li>\n<\/ul>\n<p class=\" content-text__container \" data-track-category=\"Link no Texto\" data-track-links=\"\"> &#8211; Fui em reuni\u00f5es s\u00f3 de mulheres, e o recorte feminino \u00e9 muito triste. Elas fazem algo errado e o julgamento mortal \u00e9 gigante. As que s\u00e3o m\u00e3es, o sofrimento delas, que depois de 15 anos contando a mesma hist\u00f3ria ainda se sentem tristes por conta das coisas que fizeram com o filho. H\u00e1 sempre uma dificuldade a mais para as mulheres diante dos estigmas serem muito piores para as mulheres. A novela ajuda a discutir, a fazer as pessoas refletirem, tirar da frente esse v\u00e9u da cr\u00edtica rejeitar determinados assuntos por esse aspecto afetivo, e eu acho que \u00e9 muito importante, a novela ainda cumpre um papel social muito importante. <\/p>\n<p class=\" content-text__container \" data-track-category=\"Link no Texto\" data-track-links=\"\"> Paolla afirmou ainda que \u00e9 outra profissional e mulher ap\u00f3s interpretar a filha de Odete Roitman. <\/p>\n<p class=\" content-text__container \" data-track-category=\"Link no Texto\" data-track-links=\"\"> &#8211; Me redescobri. Heleninha virou meu mundo de cabe\u00e7a para baixo, me virou do avesso. Me vejo atrav\u00e9s dela. Essa mulher como a gente \u00e9 num relacionamento, o quanto a gente se entrega, \u00e9 obsessiva, fr\u00e1gil, tentando a busca pelo outro e esquecendo da gente. A vida fala o tempo todo: \u201cSeja forte\u201d. Onde podemos nos dar acalanto? &#8211; analisou a atriz, que ganhou mais reconhecimento. &#8211; Estou na esfera da ousada, da corajosa. Tenho feito mudan\u00e7as na vida para n\u00e3o me acomodar com conquistas. Meu desejo era subir degraus. Estou na escada. <\/p>\n","protected":false},"excerpt":{"rendered":"Odete Roitman n\u00e3o morreu, e prometeu em sua \u00faltima cena de &#8216;Vale tudo&#8217;: &#8216;Odete sempre volta&#8217;. A frase&hellip;\n","protected":false},"author":2,"featured_media":117170,"comment_status":"","ping_status":"","sticky":false,"template":"","format":"standard","meta":{"footnotes":""},"categories":[142],"tags":[6966,6967,114,115,2927,32,33,679,151],"class_list":{"0":"post-117169","1":"post","2":"type-post","3":"status-publish","4":"format-standard","5":"has-post-thumbnail","7":"category-tv","8":"tag-conversa-vai","9":"tag-conversa-vem","10":"tag-entertainment","11":"tag-entretenimento","12":"tag-paolla-oliveira","13":"tag-portugal","14":"tag-pt","15":"tag-reportagem","16":"tag-tv"},"share_on_mastodon":{"url":"","error":""},"_links":{"self":[{"href":"https:\/\/www.europesays.com\/pt\/wp-json\/wp\/v2\/posts\/117169","targetHints":{"allow":["GET"]}}],"collection":[{"href":"https:\/\/www.europesays.com\/pt\/wp-json\/wp\/v2\/posts"}],"about":[{"href":"https:\/\/www.europesays.com\/pt\/wp-json\/wp\/v2\/types\/post"}],"author":[{"embeddable":true,"href":"https:\/\/www.europesays.com\/pt\/wp-json\/wp\/v2\/users\/2"}],"replies":[{"embeddable":true,"href":"https:\/\/www.europesays.com\/pt\/wp-json\/wp\/v2\/comments?post=117169"}],"version-history":[{"count":0,"href":"https:\/\/www.europesays.com\/pt\/wp-json\/wp\/v2\/posts\/117169\/revisions"}],"wp:featuredmedia":[{"embeddable":true,"href":"https:\/\/www.europesays.com\/pt\/wp-json\/wp\/v2\/media\/117170"}],"wp:attachment":[{"href":"https:\/\/www.europesays.com\/pt\/wp-json\/wp\/v2\/media?parent=117169"}],"wp:term":[{"taxonomy":"category","embeddable":true,"href":"https:\/\/www.europesays.com\/pt\/wp-json\/wp\/v2\/categories?post=117169"},{"taxonomy":"post_tag","embeddable":true,"href":"https:\/\/www.europesays.com\/pt\/wp-json\/wp\/v2\/tags?post=117169"}],"curies":[{"name":"wp","href":"https:\/\/api.w.org\/{rel}","templated":true}]}}