{"id":117197,"date":"2025-10-19T11:29:15","date_gmt":"2025-10-19T11:29:15","guid":{"rendered":"https:\/\/www.europesays.com\/pt\/117197\/"},"modified":"2025-10-19T11:29:15","modified_gmt":"2025-10-19T11:29:15","slug":"carro-em-lisboa-chave-no-algarve-a-viatura-medica-que-nao-prestou-socorro-ao-elevador-da-gloria","status":"publish","type":"post","link":"https:\/\/www.europesays.com\/pt\/117197\/","title":{"rendered":"Carro em Lisboa, chave no Algarve. A viatura m\u00e9dica que n\u00e3o prestou socorro ao Elevador da Gl\u00f3ria"},"content":{"rendered":"<p class=\"wp-caption-text top\">Vit\u00f3 \/ Flickr<\/p>\n<p><img decoding=\"async\" loading=\"lazy\" class=\"wp-image-12082 size-kopa-image-size-3\" src=\"https:\/\/www.europesays.com\/pt\/wp-content\/uploads\/2025\/10\/eb105f622d65f191623c3be873f33ae5-783x450.jpg\" alt=\"\" width=\"700\" height=\"402\"  \/><\/p>\n<p><strong>Inqu\u00e9rito aberto para apurar as causas da paralisa\u00e7\u00e3o da viatura, que estaria\u00a0 trancada por dentro e com a chave a centenas de quil\u00f3metros.<\/strong><\/p>\n<p>Segundo noticiava o <a href=\"https:\/\/expresso.pt\/sociedade\/2025-10-16-viatura-de-emergencia-medica-do-santa-maria-ficou-trancada-por-dentro-e-falhou-socorro-ao-acidente-com-o-elevador-da-gloria-c81545db\" data-wpel-link=\"external\" target=\"_blank\" rel=\"nofollow external noopener noreferrer\" class=\"ext-link\">Expresso<\/a> esta sexta feira, uma ambul\u00e2ncia do Hospital Santa Maria viu-se impedida de prestar aux\u00edlio.<\/p>\n<p>A viatura m\u00e9dica de emerg\u00eancia e reanima\u00e7\u00e3o (VMER) do maior hospital do pa\u00eds, em Lisboa, n\u00e3o ter\u00e1 mesmo tido sequer a oportunidade de se mover no momento do acidente que fez 16 mortos em setembro. Isto porque <strong>a viatura estava trancada por dentro e a chave de substitui\u00e7\u00e3o encontrava-se no Algarve.<\/strong><\/p>\n<p>Agora, avan\u00e7a a Lusa, o Sindicato dos T\u00e9cnicos de Emerg\u00eancia Pr\u00e9-Hospitalar vai <strong>solicitar um inqu\u00e9rito para apurar as causas que impediram a mobiliza\u00e7\u00e3o da viatura<\/strong> de emerg\u00eancia m\u00e9dica do Hospital de Santa Maria para o acidente com o elevador da Gl\u00f3ria.<\/p>\n<p>\u201cSolicitaremos de imediato ao presidente do INEM um inqu\u00e9rito para apurar as circunst\u00e2ncias do sucedido\u201d, adiantou hoje o presidente do sindicato.<\/p>\n<p>Segundo o jornal, a viatura \u201cn<strong>\u00e3o respondeu ao INEM porque foi trancada por dentro e a chave suplente estava no Algarve\u201d.<\/strong><\/p>\n<p>\u201c\u00c9 inaceit\u00e1vel que um meio de emerg\u00eancia m\u00e9dica n\u00e3o acorra a uma emerg\u00eancia por inacessibilidade \u00e0 chave da viatura\u201d, salientou o presidente do Sindicato dos T\u00e9cnicos de Emerg\u00eancia Pr\u00e9-Hospitalar (STEPH).<\/p>\n<p>Rui L\u00e1zaro adiantou que<strong> importa apurar se foi uma \u201cavaria ou neglig\u00eancia que levou a que a viatura ficasse trancada com a chave l\u00e1 dentro\u201d,<\/strong> mas tamb\u00e9m as raz\u00f5es de a chave suplente \u201cn\u00e3o ter acompanhado a viatura para a base onde foi servir\u201d.<\/p>\n<p>\u201cA inexist\u00eancia de procedimentos que visem impedir casos como este \u00e9 negligenciar a resposta aos cidad\u00e3os, o que <strong>n\u00e3o podemos admitir<\/strong>\u201d, real\u00e7ou o dirigente sindical.<\/p>\n<p>    <a href=\"https:\/\/zap.aeiou.pt\/subscrever-newsletter\" data-wpel-link=\"internal\" rel=\"nofollow noopener\" target=\"_blank\">&#13;<br \/>\n        <img loading=\"lazy\" decoding=\"async\" class=\"aligncenter size-full wp-image-575475\" src=\"https:\/\/www.europesays.com\/pt\/wp-content\/uploads\/2025\/10\/1759862234_971_2d51fe4a0ba54894421ead1809309ed9-1-450x140.jpg\" alt=\"Subscreva a Newsletter ZAP\" width=\"450\" height=\"140\"\/>&#13;<br \/>\n    <\/a><\/p>\n<p>                <a href=\"https:\/\/whatsapp.com\/channel\/0029VaIC4EE2f3EJZPPSbR34\" data-wpel-link=\"external\" target=\"_blank\" rel=\"nofollow external noopener noreferrer\" class=\"ext-link\">&#13;<br \/>\n                    <img loading=\"lazy\" decoding=\"async\" class=\"aligncenter size-full wp-image-575475\" src=\"https:\/\/www.europesays.com\/pt\/wp-content\/uploads\/2025\/10\/1759862234_512_c68c559d956d4ca20f435ed74a6e71e6.png\" alt=\"Siga-nos no WhatsApp\" width=\"175\" height=\"64\"\/>&#13;<br \/>\n                <\/a><\/p>\n<p>                <a href=\"https:\/\/news.google.com\/publications\/CAAiEHRwZondIV71PDjWNoqMduEqFAgKIhB0cGaJ3SFe9Tw41jaKjHbh?hl=en-US&amp;gl=US&amp;ceid=US%3Aen\" data-wpel-link=\"external\" target=\"_blank\" rel=\"nofollow external noopener noreferrer\" class=\"ext-link\">&#13;<br \/>\n                    <img loading=\"lazy\" decoding=\"async\" class=\"aligncenter size-full wp-image-575475\" src=\"https:\/\/www.europesays.com\/pt\/wp-content\/uploads\/2025\/10\/1759862235_242_5123dd8b087b644fdb8f8603acd1bad4.png\" alt=\"Siga-nos no Google News\" width=\"176\" height=\"64\"\/>&#13;<br \/>\n                <\/a><\/p>\n","protected":false},"excerpt":{"rendered":"Vit\u00f3 \/ Flickr Inqu\u00e9rito aberto para apurar as causas da paralisa\u00e7\u00e3o da viatura, que estaria\u00a0 trancada por dentro&hellip;\n","protected":false},"author":2,"featured_media":117198,"comment_status":"","ping_status":"","sticky":false,"template":"","format":"standard","meta":{"footnotes":""},"categories":[10],"tags":[59,27,28,15,16,14,2648,3516,25,26,797,21,22,12,13,19,20,32,23,24,33,17,18,29,30,31],"class_list":{"0":"post-117197","1":"post","2":"type-post","3":"status-publish","4":"format-standard","5":"has-post-thumbnail","7":"category-portugal","8":"tag-acidente","9":"tag-breaking-news","10":"tag-breakingnews","11":"tag-featured-news","12":"tag-featurednews","13":"tag-headlines","14":"tag-hospitais","15":"tag-inquerito","16":"tag-latest-news","17":"tag-latestnews","18":"tag-lisboa","19":"tag-main-news","20":"tag-mainnews","21":"tag-news","22":"tag-noticias","23":"tag-noticias-principais","24":"tag-noticiasprincipais","25":"tag-portugal","26":"tag-principais-noticias","27":"tag-principaisnoticias","28":"tag-pt","29":"tag-top-stories","30":"tag-topstories","31":"tag-ultimas","32":"tag-ultimas-noticias","33":"tag-ultimasnoticias"},"share_on_mastodon":{"url":"","error":""},"_links":{"self":[{"href":"https:\/\/www.europesays.com\/pt\/wp-json\/wp\/v2\/posts\/117197","targetHints":{"allow":["GET"]}}],"collection":[{"href":"https:\/\/www.europesays.com\/pt\/wp-json\/wp\/v2\/posts"}],"about":[{"href":"https:\/\/www.europesays.com\/pt\/wp-json\/wp\/v2\/types\/post"}],"author":[{"embeddable":true,"href":"https:\/\/www.europesays.com\/pt\/wp-json\/wp\/v2\/users\/2"}],"replies":[{"embeddable":true,"href":"https:\/\/www.europesays.com\/pt\/wp-json\/wp\/v2\/comments?post=117197"}],"version-history":[{"count":0,"href":"https:\/\/www.europesays.com\/pt\/wp-json\/wp\/v2\/posts\/117197\/revisions"}],"wp:featuredmedia":[{"embeddable":true,"href":"https:\/\/www.europesays.com\/pt\/wp-json\/wp\/v2\/media\/117198"}],"wp:attachment":[{"href":"https:\/\/www.europesays.com\/pt\/wp-json\/wp\/v2\/media?parent=117197"}],"wp:term":[{"taxonomy":"category","embeddable":true,"href":"https:\/\/www.europesays.com\/pt\/wp-json\/wp\/v2\/categories?post=117197"},{"taxonomy":"post_tag","embeddable":true,"href":"https:\/\/www.europesays.com\/pt\/wp-json\/wp\/v2\/tags?post=117197"}],"curies":[{"name":"wp","href":"https:\/\/api.w.org\/{rel}","templated":true}]}}