{"id":117199,"date":"2025-10-19T11:31:15","date_gmt":"2025-10-19T11:31:15","guid":{"rendered":"https:\/\/www.europesays.com\/pt\/117199\/"},"modified":"2025-10-19T11:31:15","modified_gmt":"2025-10-19T11:31:15","slug":"no-porto-joao-monteiro-mostra-se-com-cristina-ferreira-e-com-outra-mulher-especial","status":"publish","type":"post","link":"https:\/\/www.europesays.com\/pt\/117199\/","title":{"rendered":"No Porto, Jo\u00e3o Monteiro mostra-se com Cristina Ferreira&#8230; e com outra mulher especial!"},"content":{"rendered":"<p>Discreto em rela\u00e7\u00e3o \u00e0 vida pessoal, <a href=\"https:\/\/selfie.iol.pt\/famosos\/casa-dos-segredos\/tu-mereces-cristina-ao-lado-de-joao-monteiro-cristina-ferreira-anuncia-momento-cheio-de-felicidade\/20251011\/68e9fec6d34ee0c2fed121ea\" target=\"_blank\" rel=\"nofollow noopener\">Jo\u00e3o Monteiro<\/a> abriu uma exce\u00e7\u00e3o no Instagram com a partilha de uma s\u00e9rie de fotografias, na qual surge no Porto e bem acompanhado.<\/p>\n<p>Num dos registos, o treinador de t\u00e9nis posa com a namorada, <a href=\"https:\/\/selfie.iol.pt\/famosos\/casa-dos-segredos\/e-hora-de-despedida-para-cristina-ferreira-e-dificil-dizer-adeus\/20251018\/68f37d62d34e58bc679708d4\" target=\"_blank\" rel=\"nofollow noopener\">Cristina Ferreira<\/a>. Al\u00e9m disso, numa outra imagem, Jo\u00e3o Monteiro surge ao lado da m\u00e3e, Maria Adriana Faria.<\/p>\n<p>&#8220;Lindas fotografias&#8221;; &#8220;Fofos&#8221; e &#8220;Que bonitos&#8221;, pode ler-se na caixa de coment\u00e1rios da publica\u00e7\u00e3o.<\/p>\n<p>Veja, agora, as imagens partilhadas por Jo\u00e3o Monteiro na galeria de fotografias que prepar\u00e1mos para si.<\/p>\n","protected":false},"excerpt":{"rendered":"Discreto em rela\u00e7\u00e3o \u00e0 vida pessoal, Jo\u00e3o Monteiro abriu uma exce\u00e7\u00e3o no Instagram com a partilha de uma&hellip;\n","protected":false},"author":2,"featured_media":117200,"comment_status":"","ping_status":"","sticky":false,"template":"","format":"standard","meta":{"footnotes":""},"categories":[145],"tags":[48,2632,211,210,166,114,115,980,1015,6470,619,32,33,1014,1315,1012,162],"class_list":{"0":"post-117199","1":"post","2":"type-post","3":"status-publish","4":"format-standard","5":"has-post-thumbnail","7":"category-celebridades","8":"tag-big-brother","9":"tag-casa-dos-segredos","10":"tag-celebridades","11":"tag-celebrities","12":"tag-cristina-ferreira","13":"tag-entertainment","14":"tag-entretenimento","15":"tag-famosos","16":"tag-instagram","17":"tag-joao-monteiro","18":"tag-nacional","19":"tag-portugal","20":"tag-pt","21":"tag-reality-show","22":"tag-secret-story","23":"tag-selfie","24":"tag-tvi"},"share_on_mastodon":{"url":"","error":""},"_links":{"self":[{"href":"https:\/\/www.europesays.com\/pt\/wp-json\/wp\/v2\/posts\/117199","targetHints":{"allow":["GET"]}}],"collection":[{"href":"https:\/\/www.europesays.com\/pt\/wp-json\/wp\/v2\/posts"}],"about":[{"href":"https:\/\/www.europesays.com\/pt\/wp-json\/wp\/v2\/types\/post"}],"author":[{"embeddable":true,"href":"https:\/\/www.europesays.com\/pt\/wp-json\/wp\/v2\/users\/2"}],"replies":[{"embeddable":true,"href":"https:\/\/www.europesays.com\/pt\/wp-json\/wp\/v2\/comments?post=117199"}],"version-history":[{"count":0,"href":"https:\/\/www.europesays.com\/pt\/wp-json\/wp\/v2\/posts\/117199\/revisions"}],"wp:featuredmedia":[{"embeddable":true,"href":"https:\/\/www.europesays.com\/pt\/wp-json\/wp\/v2\/media\/117200"}],"wp:attachment":[{"href":"https:\/\/www.europesays.com\/pt\/wp-json\/wp\/v2\/media?parent=117199"}],"wp:term":[{"taxonomy":"category","embeddable":true,"href":"https:\/\/www.europesays.com\/pt\/wp-json\/wp\/v2\/categories?post=117199"},{"taxonomy":"post_tag","embeddable":true,"href":"https:\/\/www.europesays.com\/pt\/wp-json\/wp\/v2\/tags?post=117199"}],"curies":[{"name":"wp","href":"https:\/\/api.w.org\/{rel}","templated":true}]}}