{"id":117215,"date":"2025-10-19T11:44:39","date_gmt":"2025-10-19T11:44:39","guid":{"rendered":"https:\/\/www.europesays.com\/pt\/117215\/"},"modified":"2025-10-19T11:44:39","modified_gmt":"2025-10-19T11:44:39","slug":"tribunal-queixa-se-de-inspetores-da-pj-que-investigaram-agente-da-psp-que-matou-assaltante","status":"publish","type":"post","link":"https:\/\/www.europesays.com\/pt\/117215\/","title":{"rendered":"Tribunal queixa-se de inspetores da PJ que investigaram agente da PSP que matou assaltante"},"content":{"rendered":"<p>Os depoimentos prestados no julgamento por tr\u00eas elementos daquele \u00f3rg\u00e3o de pol\u00edcia criminal causaram tal incredulidade ao coletivo, que este mandou extrair uma certid\u00e3o dos mesmos para enviar ao diretor nacional da PJ, Lu\u00eds Neves, &#8220;para os fins tidos por convenientes&#8221;, l\u00ea-se no ac\u00f3rd\u00e3o condenat\u00f3rio, proferido a 7 de outubro pelo Tribunal de Lisboa, a que o JN teve acesso.<\/p>\n<p data-remotead-prev-elm=\"true\" data-remotead-elm-id=\"inread\">Apesar de existirem vers\u00f5es contradit\u00f3rias sobre o que se passou na madrugada de 1 de abril de 2024 &#8211; o agente refere que foi abordado num sem\u00e1foro, junto \u00e0 Ribeira do Jamor, enquanto a c\u00famplice do assaltante afirma que se conheceram nas imedia\u00e7\u00f5es do Est\u00e1dio do Jamor, numa zona frequentada para encontros sexuais -, a PJ ter\u00e1 ignorado ind\u00edcios que apontavam para a eventual pr\u00e1tica de um crime de sequestro, que ficou por investigar.<\/p>\n<p>Acesso exclusivo a assinantes<\/p>\n<p>Acesso ilimitado a conte\u00fados exclusivos<\/p>\n<p>Navega\u00e7\u00e3o sem publicidade intrusiva<\/p>\n<p>Vers\u00e3o digital do jornal, suplementos e revistas<\/p>\n","protected":false},"excerpt":{"rendered":"Os depoimentos prestados no julgamento por tr\u00eas elementos daquele \u00f3rg\u00e3o de pol\u00edcia criminal causaram tal incredulidade ao coletivo,&hellip;\n","protected":false},"author":2,"featured_media":114363,"comment_status":"","ping_status":"","sticky":false,"template":"","format":"standard","meta":{"footnotes":""},"categories":[10],"tags":[27,28,15,16,14,603,25,26,21,22,16567,12,13,19,20,2445,32,23,24,33,17,18,29,30,31],"class_list":{"0":"post-117215","1":"post","2":"type-post","3":"status-publish","4":"format-standard","5":"has-post-thumbnail","7":"category-portugal","8":"tag-breaking-news","9":"tag-breakingnews","10":"tag-featured-news","11":"tag-featurednews","12":"tag-headlines","13":"tag-justica","14":"tag-latest-news","15":"tag-latestnews","16":"tag-main-news","17":"tag-mainnews","18":"tag-ministerio-publico","19":"tag-news","20":"tag-noticias","21":"tag-noticias-principais","22":"tag-noticiasprincipais","23":"tag-policia-judiciaria","24":"tag-portugal","25":"tag-principais-noticias","26":"tag-principaisnoticias","27":"tag-pt","28":"tag-top-stories","29":"tag-topstories","30":"tag-ultimas","31":"tag-ultimas-noticias","32":"tag-ultimasnoticias"},"share_on_mastodon":{"url":"","error":""},"_links":{"self":[{"href":"https:\/\/www.europesays.com\/pt\/wp-json\/wp\/v2\/posts\/117215","targetHints":{"allow":["GET"]}}],"collection":[{"href":"https:\/\/www.europesays.com\/pt\/wp-json\/wp\/v2\/posts"}],"about":[{"href":"https:\/\/www.europesays.com\/pt\/wp-json\/wp\/v2\/types\/post"}],"author":[{"embeddable":true,"href":"https:\/\/www.europesays.com\/pt\/wp-json\/wp\/v2\/users\/2"}],"replies":[{"embeddable":true,"href":"https:\/\/www.europesays.com\/pt\/wp-json\/wp\/v2\/comments?post=117215"}],"version-history":[{"count":0,"href":"https:\/\/www.europesays.com\/pt\/wp-json\/wp\/v2\/posts\/117215\/revisions"}],"wp:featuredmedia":[{"embeddable":true,"href":"https:\/\/www.europesays.com\/pt\/wp-json\/wp\/v2\/media\/114363"}],"wp:attachment":[{"href":"https:\/\/www.europesays.com\/pt\/wp-json\/wp\/v2\/media?parent=117215"}],"wp:term":[{"taxonomy":"category","embeddable":true,"href":"https:\/\/www.europesays.com\/pt\/wp-json\/wp\/v2\/categories?post=117215"},{"taxonomy":"post_tag","embeddable":true,"href":"https:\/\/www.europesays.com\/pt\/wp-json\/wp\/v2\/tags?post=117215"}],"curies":[{"name":"wp","href":"https:\/\/api.w.org\/{rel}","templated":true}]}}