{"id":117218,"date":"2025-10-19T11:49:14","date_gmt":"2025-10-19T11:49:14","guid":{"rendered":"https:\/\/www.europesays.com\/pt\/117218\/"},"modified":"2025-10-19T11:49:14","modified_gmt":"2025-10-19T11:49:14","slug":"teve-briga-renato-goes-comenta-relacao-de-tais-araujo-com-autora-de-vale-tudo","status":"publish","type":"post","link":"https:\/\/www.europesays.com\/pt\/117218\/","title":{"rendered":"Teve briga? Renato G\u00f3es comenta rela\u00e7\u00e3o de Ta\u00eds Araujo com autora de Vale Tudo"},"content":{"rendered":"<p>O ator <a href=\"https:\/\/caras.com.br\/tags\/renato-goes\" rel=\"nofollow noopener\" target=\"_blank\"><strong>Renato G\u00f3es<\/strong><\/a> se despediu oficialmente do remake de \u2018<a href=\"https:\/\/caras.com.br\/tags\/vale-tudo\" rel=\"nofollow noopener\" target=\"_blank\">Vale Tudo<\/a>\u2018 na sexta-feira, 17, dia em que o \u00faltimo cap\u00edtulo do remake foi ao ar na TV Globo. Em conversa com a imprensa, o int\u00e9rprete de Ivan comentou sobre o sucesso do folhetim e os supostos conflitos nos bastidores da novela.<\/p>\n<p>Questionado pelo colunista Lucas Pasin, do site \u2018Metr\u00f3poles\u2019, sobre a rela\u00e7\u00e3o de <a href=\"https:\/\/caras.com.br\/tags\/tais-araujo\" rel=\"nofollow noopener\" target=\"_blank\"><strong>Ta\u00eds Araujo<\/strong><\/a> com <a href=\"https:\/\/caras.com.br\/tags\/manuela-dias\" rel=\"nofollow noopener\" target=\"_blank\"><strong>Manuela Dias<\/strong><\/a>, autora do remake, Renato garantiu que as duas n\u00e3o possuem conflitos. Nos \u00faltimos meses, a int\u00e9rprete de Raquel revelou publicamente que <a href=\"https:\/\/caras.com.br\/novelas\/tais-araujo-revela-tristeza-com-rumo-de-raquel-em-vale-tudo-frustrada.phtml\" rel=\"nofollow noopener\" target=\"_blank\">estava decepcionada com o rumo de sua personagem na trama<\/a>.<\/p>\n<p>Ap\u00f3s o coment\u00e1rio de Ta\u00eds Araujo viralizar, rumores de que a atriz e a novelista tinham se desentendido passaram a circular nas redes sociais. Renato G\u00f3es, no entanto, contou que n\u00e3o houve briga e tudo foi resolvido entre as duas. Segundo o famoso, tanto a colega de elenco quanto Manuela deram tudo de si para Raquel.<\/p>\n<p>\u201cVoc\u00ea imagina, uma autora que estava fazendo de tudo, com toda vontade do mundo, para dar certo. E uma atriz que tamb\u00e9m estava fazendo tudo com toda vontade do mundo. Quando temos essa vontade de trocar e ver o que seria melhor aqui ou ali, colocamos pra fora, n\u00e9? Foi genu\u00edno entre elas e foi resolvido. Se tivesse todo mundo calado e fazendo sem questionar, a\u00ed sim teria algo errado\u201c, declarou o ator.<\/p>\n<p>Por fim, Renato G\u00f3es explicou que tamb\u00e9m chegou a conversar com Manuela Dias sobre diversas situa\u00e7\u00f5es envolvendo seu personagem no remake. \u201cEu questionei e todos questionaram sempre. Mas as nossas quest\u00f5es foram abra\u00e7adas e resolvidas. A Ta\u00eds tem esse amor e vontade, que vemos nos olhos dela, assim como a Manuela, que estava em casa escrevendo e muito a fim de entregar um neg\u00f3cio que d\u00ea certo. No fim, fica a mensagem: foi algo lindo e t\u00e3o dif\u00edcil igual prazeroso\u201c, concluiu o ator.<\/p>\n<p> <img loading=\"lazy\" decoding=\"async\" class=\"size-full wp-image-1019236 img-fluid lazy\" alt=\"Ivan (Renato G\u00f3es) e Raquel (Ta\u00eds Araujo) em Vale Tudo - Foto: TV Globo \/ Estevam Avellar\" width=\"1000\" height=\"1500\" src=\"https:\/\/www.europesays.com\/pt\/wp-content\/uploads\/2025\/10\/ivan-raquel-vale-tudo-1.jpg\"  \/>Ivan (Renato G\u00f3es) e Raquel (Ta\u00eds Araujo) em Vale Tudo \u2013 Foto: TV Globo \/ Estevam Avellar O final de Ivan em Vale Tudo <\/p>\n<p>Ivan, personagem de <strong>Renato G\u00f3es<\/strong> em \u2018Vale Tudo\u2019, faz parte do n\u00facleo que teve um final feliz no remake. Apaixonado, o rapaz finalmente oficializou a uni\u00e3o com Raquel (<strong>Ta\u00eds Araujo<\/strong>) no \u00faltimo cap\u00edtulo da trama. Os dois se casaram no jardim da nova mans\u00e3o do casal em uma festa elegante.<\/p>\n<p>Al\u00e9m disso, Ivan e o pai, Bartolomeu (<strong>Luis Melo<\/strong>), escreveram juntos um livro sobre a corrup\u00e7\u00e3o no Brasil. O marido de Raquel tamb\u00e9m ficou com o filho, Bruno (<strong>Miguel Moro<\/strong>), fruto do antigo casamento com Leila (<strong>Carolina Dieckmmann<\/strong>), ap\u00f3s a loira passar a cumprir pris\u00e3o domiciliar por tentar fugir do pa\u00eds com Marco Aur\u00e9lio (<strong>Alexandre Nero<\/strong>); <strong><a href=\"https:\/\/caras.com.br\/novelas\/vale-tudo-saiba-tudo-o-que-aconteceu-no-ultimo-capitulo-da-novela.phtml\" rel=\"nofollow noopener\" target=\"_blank\">confira outros desfechos do remake de \u2018Vale Tudo\u2019!<\/a><\/strong><\/p>\n<p><strong>Leia tamb\u00e9m<\/strong>: <a href=\"https:\/\/caras.com.br\/novelas\/vale-tudo-debora-bloch-mostra-bastidores-da-ressurreicao-de-odete-roitman.phtml\" rel=\"nofollow noopener\" target=\"_blank\">Vale Tudo: D\u00e9bora Bloch mostra bastidores da \u2018ressurrei\u00e7\u00e3o\u2019 de Odete Roitman<\/a><\/p>\n<blockquote class=\"instagram-media\" style=\"background: #FFF; border: 0; border-radius: 3px; box-shadow: 0 0 1px 0 rgba(0,0,0,0.5),0 1px 10px 0 rgba(0,0,0,0.15); margin: 1px; max-width: 540px; min-width: 326px; padding: 0; width: calc(100% - 2px);\" data-instgrm-captioned=\"\" data-instgrm-permalink=\"https:\/\/www.instagram.com\/reel\/DP7pVMPDWjN\/?utm_source=ig_embed&amp;utm_campaign=loading\" data-instgrm-version=\"14\"><\/blockquote>\n<p>        <a href=\"https:\/\/caras.com.br\/autor\/rafaela-oliveira\" rel=\"nofollow noopener\" target=\"_blank\">&#13;<br \/>\n          <img alt=\"Rafaela Oliveira\" src=\"https:\/\/www.europesays.com\/pt\/wp-content\/uploads\/2025\/10\/1760874554_68_49f5322875970d1e29e5ff2c3d4db4418044337871973cc6a09a25acab0e8ff7\"  class=\"avatar avatar-115 photo rounded-circle mr-3\" height=\"115\" width=\"115\" loading=\"lazy\" decoding=\"async\"\/>        <\/a><\/p>\n<p>        <strong>Rafaela Oliveira<\/strong> \u00e9 rep\u00f3rter de conte\u00fado do site CARAS. Formada em jornalismo, j\u00e1 passou por sites como MaisNovela, Portal M\u00e1rcia Piovesan, Purepeople Brasil e Jornal O Dia. Escreve sobre celebridades, TV e reality show. (email: <a href=\"https:\/\/caras.com.br\/cdn-cgi\/l\/email-protection\" class=\"__cf_email__\" data-cfemail=\"2a58484546435c4f43584b754945464b486a494b584b5904494547044858\" rel=\"nofollow noopener\" target=\"_blank\">[email\u00a0protected]<\/a>)<\/p>\n<p>\t                                            <script async src=\"\/\/www.instagram.com\/embed.js\"><\/script><\/p>\n","protected":false},"excerpt":{"rendered":"O ator Renato G\u00f3es se despediu oficialmente do remake de \u2018Vale Tudo\u2018 na sexta-feira, 17, dia em que&hellip;\n","protected":false},"author":2,"featured_media":117219,"comment_status":"","ping_status":"","sticky":false,"template":"","format":"standard","meta":{"footnotes":""},"categories":[142],"tags":[114,115,2538,32,33,9266,5456,151,2154],"class_list":{"0":"post-117218","1":"post","2":"type-post","3":"status-publish","4":"format-standard","5":"has-post-thumbnail","7":"category-tv","8":"tag-entertainment","9":"tag-entretenimento","10":"tag-manuela-dias","11":"tag-portugal","12":"tag-pt","13":"tag-renato-goes","14":"tag-tais-araujo","15":"tag-tv","16":"tag-vale-tudo"},"share_on_mastodon":{"url":"","error":""},"_links":{"self":[{"href":"https:\/\/www.europesays.com\/pt\/wp-json\/wp\/v2\/posts\/117218","targetHints":{"allow":["GET"]}}],"collection":[{"href":"https:\/\/www.europesays.com\/pt\/wp-json\/wp\/v2\/posts"}],"about":[{"href":"https:\/\/www.europesays.com\/pt\/wp-json\/wp\/v2\/types\/post"}],"author":[{"embeddable":true,"href":"https:\/\/www.europesays.com\/pt\/wp-json\/wp\/v2\/users\/2"}],"replies":[{"embeddable":true,"href":"https:\/\/www.europesays.com\/pt\/wp-json\/wp\/v2\/comments?post=117218"}],"version-history":[{"count":0,"href":"https:\/\/www.europesays.com\/pt\/wp-json\/wp\/v2\/posts\/117218\/revisions"}],"wp:featuredmedia":[{"embeddable":true,"href":"https:\/\/www.europesays.com\/pt\/wp-json\/wp\/v2\/media\/117219"}],"wp:attachment":[{"href":"https:\/\/www.europesays.com\/pt\/wp-json\/wp\/v2\/media?parent=117218"}],"wp:term":[{"taxonomy":"category","embeddable":true,"href":"https:\/\/www.europesays.com\/pt\/wp-json\/wp\/v2\/categories?post=117218"},{"taxonomy":"post_tag","embeddable":true,"href":"https:\/\/www.europesays.com\/pt\/wp-json\/wp\/v2\/tags?post=117218"}],"curies":[{"name":"wp","href":"https:\/\/api.w.org\/{rel}","templated":true}]}}