{"id":117230,"date":"2025-10-19T11:58:50","date_gmt":"2025-10-19T11:58:50","guid":{"rendered":"https:\/\/www.europesays.com\/pt\/117230\/"},"modified":"2025-10-19T11:58:50","modified_gmt":"2025-10-19T11:58:50","slug":"gouveia-e-melo-passados-dez-anos-o-imigrante-e-tao-portugues-como-nos-ou-nos-temos-um-gene-especial","status":"publish","type":"post","link":"https:\/\/www.europesays.com\/pt\/117230\/","title":{"rendered":"Gouveia e Melo: &#8220;Passados dez anos, o imigrante \u00e9 t\u00e3o portugu\u00eas como n\u00f3s. Ou n\u00f3s temos um gene especial?&#8221;"},"content":{"rendered":"<p>&#8220;A palavra-chave \u00e9 integra\u00e7\u00e3o. N\u00f3s quando recebemos imigrantes, o que n\u00f3s desejamos? Desejamos que os imigrantes fa\u00e7am parte da nossa comunidade e queiram somar \u00e0 nossa comunidade.<strong> Passados dez anos, o imigrante \u00e9 t\u00e3o portugu\u00eas como n\u00f3s. Ou n\u00f3s temos um gene portugu\u00eas especial?<\/strong> Se essas pessoas v\u00eam para trabalhar, para se integrarem &#8211; por isso, \u00e9 que a palavra integrar \u00e9 importante &#8211; e querem fazer parte do nosso destino comum, melhorando a nossa pir\u00e2mide et\u00e1ria, que est\u00e1 invertida, aumentando a nossa economia, trazendo valor acrescentado em termos de conhecimento e tecnologia, porque \u00e9 a gente n\u00e3o gosta dos imigrantes?&#8221;, apontou Gouveia e Melo, numa entrevista \u00e0 ag\u00eancia Lusa, divulgada este s\u00e1bado.<\/p>\n<p data-remotead-prev-elm=\"true\" data-remotead-elm-id=\"inread\">Questionado sobre a possibilidade de o discurso anti-imigra\u00e7\u00e3o ganhar votos nas presidenciais de janeiro do pr\u00f3ximo ano, o ex-chefe do Estado-Maior da Armada respondeu que, se se confirmar essa teoria, ir\u00e1 perder votos. &#8220;A economia portuguesa tem que se desenvolver e n\u00f3s precisamos dos imigrantes para desenvolver essa economia&#8221;, referiu o candidato presidencial.<\/p>\n<p>O almirante rejeitou uma resposta de &#8220;sim&#8221; ou &#8220;n\u00e3o&#8221; \u00e0 entrada de imigrantes em Portugal e reprovou a rela\u00e7\u00e3o feita, por outros atores pol\u00edticos, entre imigra\u00e7\u00e3o e criminalidade. &#8220;Eu sou racional. Se me provarem que h\u00e1 um conjunto de imigra\u00e7\u00e3o que \u00e9 prejudicial ao Estado, claro que eu n\u00e3o quero essa imigra\u00e7\u00e3o, mas t\u00eam que me provar, n\u00e3o \u00e9 porque eu n\u00e3o gosto de imigrantes, ou porque a popula\u00e7\u00e3o portuguesa est\u00e1 aborrecida com um tipo de imigrantes e acha que todos os imigrantes s\u00e3o maus&#8221;, afirmou.<\/p>\n<p>Exemplo de M\u00e1rio Soares<\/p>\n<p data-remotead-prev-elm=\"true\" data-remotead-elm-id=\"centro1\">Na mesma entrevista, Gouveia e Melo referiu que M\u00e1rio Soares \u00e9 o seu modelo de presidente da Rep\u00fablica e considerou que Ramalho Eanes foi tamb\u00e9m &#8220;important\u00edssimo&#8221; para a democracia. Quanto a Jorge Sampaio, Cavaco Silva e Marcelo Rebelo de Sousa, considerou que foram uma &#8220;sequ\u00eancia&#8221; daqueles dois antecessores.<\/p>\n<p>Relativamente aos seus opositores, o ex-chefe do Estado-Maior da Armada defendeu que, caso Marques Mendes seja escolhido pelos portugueses para ser o pr\u00f3ximo presidente da Rep\u00fablica, ficar\u00e1 com &#8220;uma d\u00edvida&#8221; ao PSD. &#8220;O Dr. Marques Mendes pode dizer que n\u00e3o \u00e9 do PSD, que \u00e9 independente, etc. Sem o PSD n\u00e3o seria eleito. Portanto, ele vai ficar com uma d\u00edvida ao PSD. E essa d\u00edvida vai ser-lhe cobrada&#8221;, disse.<\/p>\n","protected":false},"excerpt":{"rendered":"&#8220;A palavra-chave \u00e9 integra\u00e7\u00e3o. N\u00f3s quando recebemos imigrantes, o que n\u00f3s desejamos? Desejamos que os imigrantes fa\u00e7am parte&hellip;\n","protected":false},"author":2,"featured_media":117231,"comment_status":"","ping_status":"","sticky":false,"template":"","format":"standard","meta":{"footnotes":""},"categories":[10],"tags":[27,28,15,16,9498,14,1481,25,26,21,22,24788,619,12,13,19,20,32,1076,23,24,33,17,18,29,30,31],"class_list":{"0":"post-117230","1":"post","2":"type-post","3":"status-publish","4":"format-standard","5":"has-post-thumbnail","7":"category-portugal","8":"tag-breaking-news","9":"tag-breakingnews","10":"tag-featured-news","11":"tag-featurednews","12":"tag-gouveia-e-melo","13":"tag-headlines","14":"tag-imigracao","15":"tag-latest-news","16":"tag-latestnews","17":"tag-main-news","18":"tag-mainnews","19":"tag-marques-mendes","20":"tag-nacional","21":"tag-news","22":"tag-noticias","23":"tag-noticias-principais","24":"tag-noticiasprincipais","25":"tag-portugal","26":"tag-presidenciais-2026","27":"tag-principais-noticias","28":"tag-principaisnoticias","29":"tag-pt","30":"tag-top-stories","31":"tag-topstories","32":"tag-ultimas","33":"tag-ultimas-noticias","34":"tag-ultimasnoticias"},"share_on_mastodon":{"url":"","error":""},"_links":{"self":[{"href":"https:\/\/www.europesays.com\/pt\/wp-json\/wp\/v2\/posts\/117230","targetHints":{"allow":["GET"]}}],"collection":[{"href":"https:\/\/www.europesays.com\/pt\/wp-json\/wp\/v2\/posts"}],"about":[{"href":"https:\/\/www.europesays.com\/pt\/wp-json\/wp\/v2\/types\/post"}],"author":[{"embeddable":true,"href":"https:\/\/www.europesays.com\/pt\/wp-json\/wp\/v2\/users\/2"}],"replies":[{"embeddable":true,"href":"https:\/\/www.europesays.com\/pt\/wp-json\/wp\/v2\/comments?post=117230"}],"version-history":[{"count":0,"href":"https:\/\/www.europesays.com\/pt\/wp-json\/wp\/v2\/posts\/117230\/revisions"}],"wp:featuredmedia":[{"embeddable":true,"href":"https:\/\/www.europesays.com\/pt\/wp-json\/wp\/v2\/media\/117231"}],"wp:attachment":[{"href":"https:\/\/www.europesays.com\/pt\/wp-json\/wp\/v2\/media?parent=117230"}],"wp:term":[{"taxonomy":"category","embeddable":true,"href":"https:\/\/www.europesays.com\/pt\/wp-json\/wp\/v2\/categories?post=117230"},{"taxonomy":"post_tag","embeddable":true,"href":"https:\/\/www.europesays.com\/pt\/wp-json\/wp\/v2\/tags?post=117230"}],"curies":[{"name":"wp","href":"https:\/\/api.w.org\/{rel}","templated":true}]}}