{"id":11726,"date":"2025-08-01T15:42:22","date_gmt":"2025-08-01T15:42:22","guid":{"rendered":"https:\/\/www.europesays.com\/pt\/11726\/"},"modified":"2025-08-01T15:42:22","modified_gmt":"2025-08-01T15:42:22","slug":"canadair-sofre-danos-estruturais-durante-operacao-no-douro-observador","status":"publish","type":"post","link":"https:\/\/www.europesays.com\/pt\/11726\/","title":{"rendered":"Canadair sofre danos estruturais durante opera\u00e7\u00e3o no Douro \u2013 Observador"},"content":{"rendered":"<p>Acompanhe o nosso\u00a0<a href=\"https:\/\/observador.pt\/liveblogs\/incendio-em-arouca-e-o-que-mais-preocupa-em-ponte-de-lima-chamas-estao-em-fase-de-resolucao\/\" rel=\"nofollow noopener\" target=\"_blank\">liveblog sobre a situa\u00e7\u00e3o dos inc\u00eandios em Portugal.<\/a><\/p>\n<p>Um avi\u00e3o Canadair empenhado no combate ao inc\u00eandio que deflagrou em Penafiel, distrito do Porto, e que se alastrou para Gondomar, sofreu esta quinta-feira danos estruturais durante a opera\u00e7\u00e3o de carga de \u00e1gua no Rio Douro.<\/p>\n<p>Fontes aeron\u00e1uticas explicaram \u00e0 ag\u00eancia Lusa que ap\u00f3s amarar no rio para a recolha de \u00e1gua, e logo na fase inicial do scoping (carga de \u00e1gua), o piloto perdeu o controlo da aeronave, tendo esta ido embater numa das margens.<\/p>\n<p>Segundo as mesmas fontes, na origem do incidente poder\u00e1 ter estado um problema mec\u00e2nico, acrescentando que o Canadair sofreu danos num dos flutuadores e no casco, ficando, para j\u00e1, inoperacional.<\/p>\n<p>O inc\u00eandio que ter\u00e7a-feira come\u00e7ou em Penafiel e passou para Gondomar, tem tr\u00eas frentes, estando os meios a ser reposicionados para o combate nas povoa\u00e7\u00f5es de Vilarinho e Moreira, revelou o comandante dos bombeiros Joel Castro.<\/p>\n<p>No ponto da situa\u00e7\u00e3o sobre o inc\u00eandio que come\u00e7ou em Capela e alastrou para Melres, o bombeiro afirmou que o inc\u00eandio tinha, pelas 15h00, tr\u00eas frentes, sendo uma em Penafiel e duas em Gondomar.<\/p>\n<p>Joel Castro acrescentou que as chamas j\u00e1 consumiram \u201cuma \u00e1rea consider\u00e1vel\u201d de mato, informando haver meios a ser reposicionados no terreno para dar resposta ao avan\u00e7o das chamas, que continuam pr\u00f3ximas das povoa\u00e7\u00f5es de Vilarinho e de Moreira.<\/p>\n<p>No terreno, segundo o bombeiro, estavam \u00e0 hora do ponto da situa\u00e7\u00e3o 215 operacionais e 65 viaturas.<\/p>\n<p class=\"p1\"><b>[Horas depois do crime, a pol\u00edcia vai encontrar o assassino de Issam Sartawi, o dirigente palestiniano morto no \u00e1trio de um hotel de Albufeira. Mas, tamb\u00e9m vai descobrir que ele n\u00e3o \u00e9 quem diz ser. <\/b><a href=\"https:\/\/observador.pt\/programas\/1983-portugal-queima-roupa\/episodio-2-o-terrorista-do-quarto-507\/\" rel=\"nofollow noopener\" target=\"_blank\"><b>\u201c1983: Portugal \u00e0 Queima-Roupa\u201d<\/b><\/a><b>\u00a0\u00e9 a hist\u00f3ria do ano em que dois grupos terroristas internacionais atacaram em Portugal. Um comando paramilitar tomou de assalto uma embaixada em Lisboa e esta execu\u00e7\u00e3o sum\u00e1ria no Algarve abalou o M\u00e9dio Oriente. \u00c9 narrada pela atriz Victoria Guerra, com banda sonora original dos Linda Martini. Ou\u00e7a\u00a0<\/b><a href=\"https:\/\/observador.pt\/programas\/1983-portugal-queima-roupa\/episodio-2-o-terrorista-do-quarto-507\/\" target=\"_blank\" rel=\"noopener nofollow\"><b>o segundo\u00a0epis\u00f3dio no site do Observador<\/b><\/a><b>, na\u00a0<\/b><a href=\"https:\/\/podcasts.apple.com\/pt\/podcast\/epis%C3%B3dio-2-o-terrorista-do-quarto-507-1983-portugal\/id1826483822?i=1000719550087\" rel=\"nofollow noopener\" target=\"_blank\"><b>Apple Podcasts<\/b><\/a><b>, no\u00a0<\/b><a href=\"https:\/\/open.spotify.com\/episode\/6EXvMJfbfCkTXd4iGuJ5rC?si=0198393f78c54717\" rel=\"nofollow noopener\" target=\"_blank\"><b>Spotify<\/b><\/a><b>\u00a0e no\u00a0<\/b><a href=\"https:\/\/music.youtube.com\/watch?v=MY_EQS3lQVA&amp;si=PLztu9afRzUz4s_c\" rel=\"nofollow noopener\" target=\"_blank\"><b>Youtube Music<\/b><\/a><b>. E ou\u00e7a o primeiro\u00a0<a href=\"https:\/\/observador.pt\/programas\/1983-portugal-queima-roupa\/estreia-1983-portugal-a-queima-roupa-episodio-1-um-corpo-no-lobby-do-hotel\/\" rel=\"nofollow noopener\" target=\"_blank\">aqui<\/a>]<\/b><\/p>\n<p><a href=\"https:\/\/observador.pt\/programas\/1983-portugal-queima-roupa\/episodio-2-o-terrorista-do-quarto-507\/\" rel=\"nofollow noopener\" target=\"_blank\"><\/p>\n<p>        <img src=\"https:\/\/www.europesays.com\/pt\/wp-content\/uploads\/2025\/08\/1983-capa-com-playjpg.jpeg\" alt=\"\" loading=\"lazy\" decoding=\"async\" class=\"alignnone\" onload=\"this.parentElement.classList.remove('spinner')\" onerror=\"this.parentElement.classList.remove('spinner')\" width=\"770\" height=\"433\"\/><br \/>\n<\/a><\/p>\n","protected":false},"excerpt":{"rendered":"Acompanhe o nosso\u00a0liveblog sobre a situa\u00e7\u00e3o dos inc\u00eandios em Portugal. Um avi\u00e3o Canadair empenhado no combate ao inc\u00eandio&hellip;\n","protected":false},"author":2,"featured_media":11727,"comment_status":"","ping_status":"","sticky":false,"template":"","format":"standard","meta":{"footnotes":""},"categories":[10],"tags":[59,627,27,28,4928,15,16,14,2005,25,26,21,22,12,13,19,20,57,32,23,24,33,58,17,18,29,30,31],"class_list":{"0":"post-11726","1":"post","2":"type-post","3":"status-publish","4":"format-standard","5":"has-post-thumbnail","7":"category-portugal","8":"tag-acidente","9":"tag-bombeiros","10":"tag-breaking-news","11":"tag-breakingnews","12":"tag-douro","13":"tag-featured-news","14":"tag-featurednews","15":"tag-headlines","16":"tag-incu00eandios","17":"tag-latest-news","18":"tag-latestnews","19":"tag-main-news","20":"tag-mainnews","21":"tag-news","22":"tag-noticias","23":"tag-noticias-principais","24":"tag-noticiasprincipais","25":"tag-pau00eds","26":"tag-portugal","27":"tag-principais-noticias","28":"tag-principaisnoticias","29":"tag-pt","30":"tag-sociedade","31":"tag-top-stories","32":"tag-topstories","33":"tag-ultimas","34":"tag-ultimas-noticias","35":"tag-ultimasnoticias"},"share_on_mastodon":{"url":"","error":""},"_links":{"self":[{"href":"https:\/\/www.europesays.com\/pt\/wp-json\/wp\/v2\/posts\/11726","targetHints":{"allow":["GET"]}}],"collection":[{"href":"https:\/\/www.europesays.com\/pt\/wp-json\/wp\/v2\/posts"}],"about":[{"href":"https:\/\/www.europesays.com\/pt\/wp-json\/wp\/v2\/types\/post"}],"author":[{"embeddable":true,"href":"https:\/\/www.europesays.com\/pt\/wp-json\/wp\/v2\/users\/2"}],"replies":[{"embeddable":true,"href":"https:\/\/www.europesays.com\/pt\/wp-json\/wp\/v2\/comments?post=11726"}],"version-history":[{"count":0,"href":"https:\/\/www.europesays.com\/pt\/wp-json\/wp\/v2\/posts\/11726\/revisions"}],"wp:featuredmedia":[{"embeddable":true,"href":"https:\/\/www.europesays.com\/pt\/wp-json\/wp\/v2\/media\/11727"}],"wp:attachment":[{"href":"https:\/\/www.europesays.com\/pt\/wp-json\/wp\/v2\/media?parent=11726"}],"wp:term":[{"taxonomy":"category","embeddable":true,"href":"https:\/\/www.europesays.com\/pt\/wp-json\/wp\/v2\/categories?post=11726"},{"taxonomy":"post_tag","embeddable":true,"href":"https:\/\/www.europesays.com\/pt\/wp-json\/wp\/v2\/tags?post=11726"}],"curies":[{"name":"wp","href":"https:\/\/api.w.org\/{rel}","templated":true}]}}