{"id":117260,"date":"2025-10-19T12:31:14","date_gmt":"2025-10-19T12:31:14","guid":{"rendered":"https:\/\/www.europesays.com\/pt\/117260\/"},"modified":"2025-10-19T12:31:14","modified_gmt":"2025-10-19T12:31:14","slug":"casa-dos-segredos-ze-percebeu-que-liliana-o-ia-trair-logo-nos-primeiros-dias","status":"publish","type":"post","link":"https:\/\/www.europesays.com\/pt\/117260\/","title":{"rendered":"Casa dos Segredos &#8211; Z\u00e9 percebeu que Liliana o ia trair &#8220;logo nos primeiros dias&#8221;"},"content":{"rendered":"<p>A entrevista de <strong>Z\u00e9 <\/strong>\u00e0 <a href=\"https:\/\/www.tv7dias.pt\/\" rel=\"nofollow noopener\" target=\"_blank\">TV 7 Dias<\/a> tem dado muito que falar! O nortenho abriu o cora\u00e7\u00e3o e exp\u00f4s tudo o que sente em rela\u00e7\u00e3o \u00e0 &#8216;trai\u00e7\u00e3o&#8217; de <strong>Liliana <\/strong>na<strong> Casa dos Segredos<\/strong>.<\/p>\n<p>Recorde-se que o sales manager pediu a psic\u00f3loga em casamento na gala de estreia do reality show. No entanto, a aproxima\u00e7\u00e3o da jovem de 24 anos a\u00a0<strong>F\u00e1bio <\/strong>resultou num fim que todos esperavam: o t\u00e9rmino do noivado.<\/p>\n<blockquote>\n<p>Leia mais: Casa dos Segredos &#8211;\u00a0<a href=\"https:\/\/www.novagente.pt\/casa-dos-segredos-como-ze-reagiu-ao-primeiro-beijo-de-liliana-fabio-da-me\" rel=\"nofollow noopener\" target=\"_blank\">Como Z\u00e9 reagiu ao primeiro beijo de Liliana a F\u00e1bio: &#8220;D\u00e1-me&#8230;&#8221;<\/a><\/p>\n<\/blockquote>\n<p>Mas qual foi o momento chave que fez o ex-noivo perceber que estava a ser tra\u00eddo?<\/p>\n<p>&#8220;<strong>Logo nos primeiros dias percebi que havia essa possibilidade por ver olhares. <\/strong>Acho mesmo que a aproxima\u00e7\u00e3o prim\u00e1ria dela foi por jogo, no segundo dia, mas logo no terceiro e quarto dias apercebi-me que ela ia cair. Acho que fui o \u00faltimo a desacreditar dela quando toda a gente j\u00e1 o estava a ver. Se calhar s\u00f3 na segunda semana \u00e9 que desacreditei. <strong>No momento em que ele come\u00e7a a p\u00f4r a m\u00e3o nas pernas e assim, senti algo diferente. Ela estava a cair no pr\u00f3prio jogo.<\/strong> E foi a\u00ed que eu comecei a pensar, ok, vou levar isto da forma mais dura poss\u00edvel, vou aceitar j\u00e1, embora s\u00f3 o tenha aceitado no dia em que eles se beijaram e a partir da\u00ed sim olho para isto e penso:<strong> &#8216;Ok, \u00e9 vida e tenho que seguir.&#8217;<\/strong>&#8220;<\/p>\n<p>Texto: Lu\u00eds Sigorro; Fotos: Redes sociais<\/p>\n<p class=\"intagram-text\">Siga a Nova Gente no Instagram<\/p>\n<p>                        <a href=\"https:\/\/www.instagram.com\/revistanovagente\/\" target=\"_blank\" aria-label=\"instagram\" rel=\"noopener nofollow\"><img decoding=\"async\" style=\"display: block; margin-left: auto; margin-right: auto; width: 250px; height: 83px;\" src=\"https:\/\/www.europesays.com\/pt\/wp-content\/uploads\/2025\/10\/Instagram_NG.png\" alt=\"instagram\"\/><\/a><br \/>\n                    <script async src=\"\/\/www.instagram.com\/embed.js\"><\/script><\/p>\n","protected":false},"excerpt":{"rendered":"A entrevista de Z\u00e9 \u00e0 TV 7 Dias tem dado muito que falar! O nortenho abriu o cora\u00e7\u00e3o&hellip;\n","protected":false},"author":2,"featured_media":117261,"comment_status":"","ping_status":"","sticky":false,"template":"","format":"standard","meta":{"footnotes":""},"categories":[142],"tags":[2632,114,115,19082,19016,32,33,151,975],"class_list":{"0":"post-117260","1":"post","2":"type-post","3":"status-publish","4":"format-standard","5":"has-post-thumbnail","7":"category-tv","8":"tag-casa-dos-segredos","9":"tag-entertainment","10":"tag-entretenimento","11":"tag-fabio","12":"tag-liliana","13":"tag-portugal","14":"tag-pt","15":"tag-tv","16":"tag-ze"},"share_on_mastodon":{"url":"","error":""},"_links":{"self":[{"href":"https:\/\/www.europesays.com\/pt\/wp-json\/wp\/v2\/posts\/117260","targetHints":{"allow":["GET"]}}],"collection":[{"href":"https:\/\/www.europesays.com\/pt\/wp-json\/wp\/v2\/posts"}],"about":[{"href":"https:\/\/www.europesays.com\/pt\/wp-json\/wp\/v2\/types\/post"}],"author":[{"embeddable":true,"href":"https:\/\/www.europesays.com\/pt\/wp-json\/wp\/v2\/users\/2"}],"replies":[{"embeddable":true,"href":"https:\/\/www.europesays.com\/pt\/wp-json\/wp\/v2\/comments?post=117260"}],"version-history":[{"count":0,"href":"https:\/\/www.europesays.com\/pt\/wp-json\/wp\/v2\/posts\/117260\/revisions"}],"wp:featuredmedia":[{"embeddable":true,"href":"https:\/\/www.europesays.com\/pt\/wp-json\/wp\/v2\/media\/117261"}],"wp:attachment":[{"href":"https:\/\/www.europesays.com\/pt\/wp-json\/wp\/v2\/media?parent=117260"}],"wp:term":[{"taxonomy":"category","embeddable":true,"href":"https:\/\/www.europesays.com\/pt\/wp-json\/wp\/v2\/categories?post=117260"},{"taxonomy":"post_tag","embeddable":true,"href":"https:\/\/www.europesays.com\/pt\/wp-json\/wp\/v2\/tags?post=117260"}],"curies":[{"name":"wp","href":"https:\/\/api.w.org\/{rel}","templated":true}]}}