{"id":117270,"date":"2025-10-19T12:42:08","date_gmt":"2025-10-19T12:42:08","guid":{"rendered":"https:\/\/www.europesays.com\/pt\/117270\/"},"modified":"2025-10-19T12:42:08","modified_gmt":"2025-10-19T12:42:08","slug":"claudio-ramos-o-video-que-a-irma-partilhou-antes-de-desaparecer-exaustao-mental-constante","status":"publish","type":"post","link":"https:\/\/www.europesays.com\/pt\/117270\/","title":{"rendered":"Cl\u00e1udio Ramos &#8211; O v\u00eddeo que a irm\u00e3 partilhou antes de desaparecer: &#8220;Exaust\u00e3o mental constante&#8221;"},"content":{"rendered":"<p>A irm\u00e3 de <strong>Cl\u00e1udio Ramos<\/strong>, <strong>Iara Ramos Nascimento<\/strong>, <a href=\"https:\/\/www.novagente.pt\/claudio-ramos-irma-esta-desaparecida-apresentador-pede-ajuda-familia-agradece\" rel=\"nofollow noopener\" target=\"_blank\">est\u00e1 desaparecida<\/a> desde a semana passada. O apresentador recorreu \u00e0s redes sociais para pedir ajuda aos seguidores.<\/p>\n<p><strong>&#8220;47 anos de idade. Desapareceu de sua casa em Vila Boim, Elvas. Conduz um VW Beetle azul- escuro. Foi vista pela \u00faltima vez segunda-feira, dia 13\u00a0de Outubro&#8221;<\/strong>, escreveu no Instagram.<\/p>\n<p>No dia do desaparecimento, a irm\u00e3 do apresentador partilhou no Facebook um v\u00eddeo, em ingl\u00eas, sobre <strong>sa\u00fade mental<\/strong>, pelas <strong>11h26<\/strong>. Minutos antes, \u00e0s <strong>11h14<\/strong>, publicou outro sobre <strong>pessoas t\u00f3xicas<\/strong>.<\/p>\n<p>\u00a0<\/p>\n<blockquote class=\"instagram-media\" data-instgrm-permalink=\"https:\/\/www.instagram.com\/reel\/DPcJrl1Dt0k\/?utm_source=ig_embed&amp;utm_campaign=loading\" data-instgrm-version=\"14\" style=\" background:#FFF; border:0; border-radius:3px; box-shadow:0 0 1px 0 rgba(0,0,0,0.5),0 1px 10px 0 rgba(0,0,0,0.15); margin: 1px; max-width:540px; min-width:326px; padding:0; width:99.375%; width:-webkit-calc(100% - 2px); width:calc(100% - 2px);\"><\/blockquote>\n<p>\u00a0<\/p>\n<p>Confira a tradu\u00e7\u00e3o:<\/p>\n<p>&#8220;Sabias que os sobreviventes de trauma desenvolvem o que os cientistas chamam de padr\u00f5es de habilidades de reconhecimento sobrenaturais? Os seus c\u00e9rebros ficam t\u00e3o hipersintonizados ao perigo, que conseguem detetar amea\u00e7as, que outros\u00a0n\u00e3o veem. Hipervigil\u00e2ncia cr\u00f3nica reconecta caminhos neurais para processar microexpress\u00f5es, tons de voz e padr\u00f5es de comportamentos, uma precis\u00e3o extraordin\u00e1ria. Conseguem sentir imediatamente quando algu\u00e9m mente, prever resultados de rela\u00e7\u00f5es minutos ap\u00f3s conhecerem as pessoas, conseguem detetar t\u00e1ticas de manipula\u00e7\u00e3o antes de serem executadas completamente. Isto explica o porqu\u00ea dos sobreviventes de trauma quase parecerem ps\u00edquicos sobre as inten\u00e7\u00f5es das pessoas. Os seus sistemas de dete\u00e7\u00e3o de amea\u00e7as foram neurologicamente aprimorados, uma necessidade pura de sobreviv\u00eancia. Mas este superpoder tem um custo devastador: exaust\u00e3o mental constante ao analisar perigo em cada ambiente, falta de confian\u00e7a de bondade positiva ou genu\u00edna. O mesmo c\u00e9rebro protege-os tamb\u00e9m de armadilhas, medos sem fim. A chave n\u00e3o \u00e9 perder estas habilidades, mas aprender a distinguir entre amea\u00e7as reais e falsos alarmes de trauma cerebral. A tua hipervigil\u00e2ncia salvou-te uma vez, agora podes escolher como us\u00e1-la.&#8221;<\/p>\n<p>Texto: Lu\u00eds Sigorro; Fotos: Redes sociais<\/p>\n<p class=\"intagram-text\">Siga a Nova Gente no Instagram<\/p>\n<p>                        <a href=\"https:\/\/www.instagram.com\/revistanovagente\/\" target=\"_blank\" aria-label=\"instagram\" rel=\"noopener nofollow\"><img decoding=\"async\" style=\"display: block; margin-left: auto; margin-right: auto; width: 250px; height: 83px;\" src=\"https:\/\/www.europesays.com\/pt\/wp-content\/uploads\/2025\/10\/Instagram_NG.png\" alt=\"instagram\"\/><\/a><br \/>\n                    <script async src=\"\/\/www.instagram.com\/embed.js\"><\/script><\/p>\n","protected":false},"excerpt":{"rendered":"A irm\u00e3 de Cl\u00e1udio Ramos, Iara Ramos Nascimento, est\u00e1 desaparecida desde a semana passada. O apresentador recorreu \u00e0s&hellip;\n","protected":false},"author":2,"featured_media":117271,"comment_status":"","ping_status":"","sticky":false,"template":"","format":"standard","meta":{"footnotes":""},"categories":[145],"tags":[211,210,329,27443,114,115,27442,12195,32,33],"class_list":{"0":"post-117270","1":"post","2":"type-post","3":"status-publish","4":"format-standard","5":"has-post-thumbnail","7":"category-celebridades","8":"tag-celebridades","9":"tag-celebrities","10":"tag-claudio-ramos","11":"tag-desaparecida","12":"tag-entertainment","13":"tag-entretenimento","14":"tag-iara-ramos-nascimento","15":"tag-irma","16":"tag-portugal","17":"tag-pt"},"share_on_mastodon":{"url":"","error":""},"_links":{"self":[{"href":"https:\/\/www.europesays.com\/pt\/wp-json\/wp\/v2\/posts\/117270","targetHints":{"allow":["GET"]}}],"collection":[{"href":"https:\/\/www.europesays.com\/pt\/wp-json\/wp\/v2\/posts"}],"about":[{"href":"https:\/\/www.europesays.com\/pt\/wp-json\/wp\/v2\/types\/post"}],"author":[{"embeddable":true,"href":"https:\/\/www.europesays.com\/pt\/wp-json\/wp\/v2\/users\/2"}],"replies":[{"embeddable":true,"href":"https:\/\/www.europesays.com\/pt\/wp-json\/wp\/v2\/comments?post=117270"}],"version-history":[{"count":0,"href":"https:\/\/www.europesays.com\/pt\/wp-json\/wp\/v2\/posts\/117270\/revisions"}],"wp:featuredmedia":[{"embeddable":true,"href":"https:\/\/www.europesays.com\/pt\/wp-json\/wp\/v2\/media\/117271"}],"wp:attachment":[{"href":"https:\/\/www.europesays.com\/pt\/wp-json\/wp\/v2\/media?parent=117270"}],"wp:term":[{"taxonomy":"category","embeddable":true,"href":"https:\/\/www.europesays.com\/pt\/wp-json\/wp\/v2\/categories?post=117270"},{"taxonomy":"post_tag","embeddable":true,"href":"https:\/\/www.europesays.com\/pt\/wp-json\/wp\/v2\/tags?post=117270"}],"curies":[{"name":"wp","href":"https:\/\/api.w.org\/{rel}","templated":true}]}}