{"id":117279,"date":"2025-10-19T12:55:19","date_gmt":"2025-10-19T12:55:19","guid":{"rendered":"https:\/\/www.europesays.com\/pt\/117279\/"},"modified":"2025-10-19T12:55:19","modified_gmt":"2025-10-19T12:55:19","slug":"gaza-israel-lanca-ataques-apos-violacao-flagrante-do-cessar-fogo-por-parte-do-hamas","status":"publish","type":"post","link":"https:\/\/www.europesays.com\/pt\/117279\/","title":{"rendered":"Gaza. Israel lan\u00e7a ataques ap\u00f3s &#8220;viola\u00e7\u00e3o flagrante&#8221; do cessar-fogo por parte do Hamas"},"content":{"rendered":"<p>\u201cAgentes terroristas na Faixa de Gaza lan\u00e7aram um ataque contra for\u00e7as israelitas em Rafah, no sul de Gaza, levando as IDF a lan\u00e7ar ataques a\u00e9reos na \u00e1rea\u201d, reporta o <a href=\"https:\/\/www.timesofisrael.com\/liveblog-october-19-2025\/\" target=\"_blank\" rel=\"nofollow noopener\">Times of Israel<\/a>.<\/p>\n<p>&#13;<br \/>\n<b>O ex\u00e9rcito israelita acusou o Hamas de ter realizado &#8220;m\u00faltiplos ataques&#8221; contra as for\u00e7as israelitas para l\u00e1 da zona de seguran\u00e7a da &#8220;linha amarela&#8221;, considerando-os uma &#8220;viola\u00e7\u00e3o flagrante&#8221; do cessar-fogo.<\/b>&#13;\n<\/p>\n<p><b>Ap\u00f3s estes relatos, o alto funcion\u00e1rio do Hamas, Izzat al-Risheq, emitiu um comunicado a afirmar que o Hamas continua empenhado no cessar-fogo e insiste que &#8220;\u00e9 a ocupa\u00e7\u00e3o que continua a violar o cessar-fogo e a apresentar desculpas para os seus crimes&#8221;.<\/b><\/p>\n<p>&#8220;A tentativa de Netanyahu de se esquivar aos seus compromissos est\u00e1 a acontecer sob press\u00e3o da sua coliga\u00e7\u00e3o terrorista, enquanto procura escapar \u00e0 responsabilidade dos mediadores&#8221;, acusa.&#13;\n<\/p>\n<p>&#13;<br \/>\n<b>Os ataques ocorreram depois de o Departamento de Estado dos Estados Unidos ter citado, no s\u00e1bado, &#8220;relat\u00f3rios confi\u00e1veis&#8221; que indicavam que o grupo militar palestiniano estaria a preparar-se para violar o acordo de cessar-fogo com Israel na Faixa de Gaza.\u00a0<\/b>O Hamas rejeitou tais afirma\u00e7\u00f5es e acusou Washington de estar a &#8220;alinhar-se com a propaganda israelita&#8221;.\u00a0&#13;\n<\/p>\n<p>O Departamento de Estado afirmou que o ataque planeado contra civis palestinianos seria uma &#8220;viola\u00e7\u00e3o direta e grave do acordo de cessar-fogo&#8221; e avisou que caso o Hamas prosseguisse com esse ataque, seriam \u201ctomadas medidas para proteger o povo de Gaza e preservar a integridade do cessar-fogo\u201d.<\/p>\n<p>Este domingo, o grupo palestiniano rejeitou a exist\u00eancia de qualquer plano de ataque iminente ou de uma viola\u00e7\u00e3o do cessar-fogo e pediu ao Governo norte-americano para que \u201cpare de repetir a propaganda enganosa\u201d de Israel.<br \/>&#13;<br \/>\n<b><br \/>&#13;<br \/>\n\u201cOs factos no terreno revelam exatamente o oposto, j\u00e1 que as autoridades de ocupa\u00e7\u00e3o s\u00e3o as que formaram, armaram e financiaram gangues criminosos que realizaram assassinatos, sequestros, roubos de cami\u00f5es de ajuda humanit\u00e1ria e agress\u00f5es contra civis palestinianos\u201d, argumentou o Hamas. <\/b><\/p>\n<p>O Governo israelita e o Hamas t\u00eam trocado acusa\u00e7\u00f5es sobre as viola\u00e7\u00f5es do cessar-fogo mediado pelos EUA. <b>No s\u00e1bado, o primeiro-ministro israelita, Benjamin Netanyahu, anunciou que a passagem fronteiri\u00e7a de Rafah, entre Gaza e o Egito, permanecer\u00e1 encerrada at\u00e9 novo aviso.<\/b><\/p>\n<p>A reabertura desta passagem estava prevista para este domingo, mas Telavive adiou e fez depender a reabertura da entrega dos corpos dos restantes ref\u00e9ns. <br \/>&#13;<br \/>\nMais dois corpos entregues pelo Hamas<br \/>&#13;<br \/>\nEste domingo, o Hamas entregou mais dois corpos de ref\u00e9ns israelitas mortos na Faixa de Gaza e um deles j\u00e1 foi identificado pelas autoridades israelitas.<\/p>\n<p><b>Trata-se de Ronen Engel, de 54 anos, que vivia no Kibbutz Nir Oz, no sul de Gaza. Engel tinha sido raptado no ataque de 7 de outubro de 2023 com a mulher e dois filhos. A fam\u00edlia tinha sido libertada no primeiro acordo de troca de ref\u00e9ns.<\/b><\/p>\n<p>O seu corpo foi transportado para a Faixa de Gaza e a sua morte foi anunciada por Israel a 1 de dezembro de 2023.<\/p>\n<p>O Ex\u00e9rcito israelita adiantou ter &#8220;informado a fam\u00edlia do ref\u00e9m Ronen Engel&#8221; sobre o regresso dos seus restos mortais a Israel, declara\u00e7\u00e3o confirmada num comunicado do gabinete de Netanyahu.<\/p>\n<p><b>Para al\u00e9m do de Engel, um segundo corpo foi entregue pela Cruz Vermelha Internacional \u00e0s for\u00e7as de seguran\u00e7a israelitas em Gaza no s\u00e1bado \u00e0 noite, antes de serem transferidos para um centro forense para identifica\u00e7\u00e3o. As autoridades israelitas ainda n\u00e3o anunciaram a identidade do outro cad\u00e1ver.<\/b><\/p>\n<p>Segundo os termos do acordo de cessar-fogo, que entrou em vigor a 10 de outubro, ap\u00f3s dois anos de guerra que devastaram a Faixa de Gaza, o Hamas estava obrigado a libertar todos os ref\u00e9ns, vivos e mortos, que ainda mantinha em seu poder at\u00e9 13 de outubro.<\/p>\n<p>O movimento islamita palestiniano libertou os \u00faltimos 20 ref\u00e9ns vivos a tempo, mas ainda s\u00f3 devolveu 12 dos 28 corpos que mantinha em seu poder, alegando que n\u00e3o tem acesso aos outros ou \u00e9 demasiado complicado para os recursos que tem dispon\u00edveis.<\/p>\n<p>&#13;<br \/>\nc\/ag\u00eancias&#13;<\/p>\n","protected":false},"excerpt":{"rendered":"\u201cAgentes terroristas na Faixa de Gaza lan\u00e7aram um ataque contra for\u00e7as israelitas em Rafah, no sul de Gaza,&hellip;\n","protected":false},"author":2,"featured_media":117280,"comment_status":"","ping_status":"","sticky":false,"template":"","format":"standard","meta":{"footnotes":""},"categories":[8],"tags":[27,28,256,15,16,532,255,14,13644,259,25,26,21,22,12,13,19,20,32,23,24,33,17,18,29,30,31],"class_list":{"0":"post-117279","1":"post","2":"type-post","3":"status-publish","4":"format-standard","5":"has-post-thumbnail","7":"category-principais-noticias","8":"tag-breaking-news","9":"tag-breakingnews","10":"tag-cessar-fogo","11":"tag-featured-news","12":"tag-featurednews","13":"tag-gaza","14":"tag-hamas","15":"tag-headlines","16":"tag-idf","17":"tag-israel","18":"tag-latest-news","19":"tag-latestnews","20":"tag-main-news","21":"tag-mainnews","22":"tag-news","23":"tag-noticias","24":"tag-noticias-principais","25":"tag-noticiasprincipais","26":"tag-portugal","27":"tag-principais-noticias","28":"tag-principaisnoticias","29":"tag-pt","30":"tag-top-stories","31":"tag-topstories","32":"tag-ultimas","33":"tag-ultimas-noticias","34":"tag-ultimasnoticias"},"share_on_mastodon":{"url":"","error":""},"_links":{"self":[{"href":"https:\/\/www.europesays.com\/pt\/wp-json\/wp\/v2\/posts\/117279","targetHints":{"allow":["GET"]}}],"collection":[{"href":"https:\/\/www.europesays.com\/pt\/wp-json\/wp\/v2\/posts"}],"about":[{"href":"https:\/\/www.europesays.com\/pt\/wp-json\/wp\/v2\/types\/post"}],"author":[{"embeddable":true,"href":"https:\/\/www.europesays.com\/pt\/wp-json\/wp\/v2\/users\/2"}],"replies":[{"embeddable":true,"href":"https:\/\/www.europesays.com\/pt\/wp-json\/wp\/v2\/comments?post=117279"}],"version-history":[{"count":0,"href":"https:\/\/www.europesays.com\/pt\/wp-json\/wp\/v2\/posts\/117279\/revisions"}],"wp:featuredmedia":[{"embeddable":true,"href":"https:\/\/www.europesays.com\/pt\/wp-json\/wp\/v2\/media\/117280"}],"wp:attachment":[{"href":"https:\/\/www.europesays.com\/pt\/wp-json\/wp\/v2\/media?parent=117279"}],"wp:term":[{"taxonomy":"category","embeddable":true,"href":"https:\/\/www.europesays.com\/pt\/wp-json\/wp\/v2\/categories?post=117279"},{"taxonomy":"post_tag","embeddable":true,"href":"https:\/\/www.europesays.com\/pt\/wp-json\/wp\/v2\/tags?post=117279"}],"curies":[{"name":"wp","href":"https:\/\/api.w.org\/{rel}","templated":true}]}}