{"id":11728,"date":"2025-08-01T15:43:15","date_gmt":"2025-08-01T15:43:15","guid":{"rendered":"https:\/\/www.europesays.com\/pt\/11728\/"},"modified":"2025-08-01T15:43:15","modified_gmt":"2025-08-01T15:43:15","slug":"sporting-harder-tem-um-peso-nos-ombros-hjulmand-e-pote-em-ritmos-diferentes","status":"publish","type":"post","link":"https:\/\/www.europesays.com\/pt\/11728\/","title":{"rendered":"Sporting: Harder tem um peso nos ombros, Hjulmand e Pote em ritmos diferentes"},"content":{"rendered":"<p style=\"margin-bottom:11px\">A expectativa era alta para ver como responderia o Sporting no primeiro jogo oficial da \u00e9poca, j\u00e1 sem Viktor Gy\u00f6keres e com Rui Borges a testar o sistema que indica querer para esta temporada. Os le\u00f5es at\u00e9 foram protagonistas na primeira parte, mas perderam g\u00e1s ap\u00f3s o golo do Benfica e n\u00e3o evitaram a derrota por 1-0 na Superta\u00e7a.<\/p>\n<p style=\"margin-bottom:11px\">O capit\u00e3o Morten Hjulmand voltou a ser o patr\u00e3o do meio-campo e foi considerado o melhor em campo do Sporting para o <a href=\"https:\/\/www.sofascore.com\/pt-pt\/\" target=\"_blank\" rel=\"nofollow noopener\"><strong>SofaScore<\/strong><\/a>, parceiro do <strong>Maisfutebol<\/strong>, com nota de 7.4. Bem diferentes foram as exibi\u00e7\u00f5es de Conrad Harder e Pedro Gon\u00e7alves, que estiveram na m\u00f3 de baixo, o que ajuda a explicar que os bicampe\u00f5es tenham terminado o jogo sem golos marcados.<img loading=\"lazy\" decoding=\"async\" alt=\"\" height=\"2560\" src=\"https:\/\/www.europesays.com\/pt\/wp-content\/uploads\/2025\/08\/688c9603d34ef72ee448fce1.webp\" width=\"2048\"\/><\/p>\n<p style=\"margin-bottom:11px\">No meio de algumas mudan\u00e7as na forma de jogar, o capit\u00e3o manteve o n\u00edvel que habituou. Morten Hjulmand controlou o ritmo leonino, com uns impressionantes 95 por cento de acerto no passe.<\/p>\n<p style=\"margin-bottom:11px\">O m\u00e9dio n\u00e3o falhou nenhuma das tr\u00eas bolas longas que tentou e venceu mais de metade dos duelos. Tem sido associado \u00e0 Juventus neste ver\u00e3o, mas este jogo \u00e9 s\u00f3 mais uma prova de que, para o Sporting, perder Gy\u00f6keres e Hjulmand no mesmo mercado causaria muita mossa.\u00a0<img decoding=\"async\" alt=\"\" src=\"https:\/\/www.europesays.com\/pt\/wp-content\/uploads\/2025\/08\/688c9604d34ef72ee448fce3.webp\"\/><\/p>\n<p>Era, talvez, quem tinha a miss\u00e3o mais complicada na \u00faltima noite. A press\u00e3o de substituir Gy\u00f6keres estava toda nos ombros do avan\u00e7ado dinamarqu\u00eas, que tem apenas 20 anos e continua a deixar d\u00favidas sobre a capacidade para dar uma resposta imediata no onze leonino.<\/p>\n<p>Nos 68 minutos em que esteve em campo, Harder acumulou dez perdas de posse e venceu apenas dois dos 11 duelos que disputou. Al\u00e9m disso, falhou as quatro tentativas de drible que teve ao longo da partida.<\/p>\n<p>Apanhado em fora de jogo em duas ocasi\u00f5es, tamb\u00e9m cometeu tr\u00eas faltas, demonstrativas da impetuosidade do n\u00f3rdico. Conseguiu, ainda assim, dois remates, um deles enquadrado.<\/p>\n<p>Embora tenha alinhado durante apenas 22 minutos, Luis Su\u00e1rez conseguiu deixar bons pormenores no Algarve, sobretudo no apoio e na liga\u00e7\u00e3o com os colegas da frente. Ficou deixado o aviso: o lugar de Harder no onze est\u00e1 em risco.<img decoding=\"async\" alt=\"\" src=\"https:\/\/www.europesays.com\/pt\/wp-content\/uploads\/2025\/08\/688c9603d34e3f0baea12dfa.webp\"\/><\/p>\n<p>Caso aquele golo a abrir n\u00e3o tivesse sido anulado, a exibi\u00e7\u00e3o de Pote poderia ter seguido outro rumo. Partindo da esquerda para o meio, o internacional portugu\u00eas mostrou que ainda est\u00e1 longe da vers\u00e3o que apresentou antes da les\u00e3o.<\/p>\n<p>Pote conseguiu somar cinco passes-chave, mas, por outro lado, n\u00e3o acertou qualquer tentativa de drible, falhou uma grande oportunidade, s\u00f3 venceu um de oito duelos no ch\u00e3o e ainda perdeu a bola em 15 (!) ocasi\u00f5es.<\/p>\n<p>Todas estas m\u00e9tricas negativas explicam que tenha merecido apenas nota 5.8 para o <a href=\"https:\/\/www.sofascore.com\/pt-pt\/\" target=\"_blank\" rel=\"nofollow noopener\"><strong>SofaScore<\/strong><\/a>, a pior entre todos os que estiveram em campo.<\/p>\n","protected":false},"excerpt":{"rendered":"A expectativa era alta para ver como responderia o Sporting no primeiro jogo oficial da \u00e9poca, j\u00e1 sem&hellip;\n","protected":false},"author":2,"featured_media":11729,"comment_status":"","ping_status":"","sticky":false,"template":"","format":"standard","meta":{"footnotes":"","_share_on_mastodon":"0"},"categories":[8],"tags":[836,27,28,4929,15,16,44,1065,14,4930,25,26,21,22,46,2075,12,13,19,20,3652,32,4931,23,24,33,47,3880,3513,34,2368,17,18,29,30,31],"class_list":["post-11728","post","type-post","status-publish","format-standard","has-post-thumbnail","category-principais-noticias","tag-analise","tag-breaking-news","tag-breakingnews","tag-conrad-harder","tag-featured-news","tag-featurednews","tag-gyokeres","tag-harder","tag-headlines","tag-hjulmand","tag-latest-news","tag-latestnews","tag-main-news","tag-mainnews","tag-maisfutebol","tag-morten-hjulmand","tag-news","tag-noticias","tag-noticias-principais","tag-noticiasprincipais","tag-pedro-goncalves","tag-portugal","tag-pote","tag-principais-noticias","tag-principaisnoticias","tag-pt","tag-pura-paixao","tag-rui-borges","tag-sofascore","tag-sporting","tag-supertaca","tag-top-stories","tag-topstories","tag-ultimas","tag-ultimas-noticias","tag-ultimasnoticias"],"share_on_mastodon":{"url":"","error":""},"_links":{"self":[{"href":"https:\/\/www.europesays.com\/pt\/wp-json\/wp\/v2\/posts\/11728","targetHints":{"allow":["GET"]}}],"collection":[{"href":"https:\/\/www.europesays.com\/pt\/wp-json\/wp\/v2\/posts"}],"about":[{"href":"https:\/\/www.europesays.com\/pt\/wp-json\/wp\/v2\/types\/post"}],"author":[{"embeddable":true,"href":"https:\/\/www.europesays.com\/pt\/wp-json\/wp\/v2\/users\/2"}],"replies":[{"embeddable":true,"href":"https:\/\/www.europesays.com\/pt\/wp-json\/wp\/v2\/comments?post=11728"}],"version-history":[{"count":0,"href":"https:\/\/www.europesays.com\/pt\/wp-json\/wp\/v2\/posts\/11728\/revisions"}],"wp:featuredmedia":[{"embeddable":true,"href":"https:\/\/www.europesays.com\/pt\/wp-json\/wp\/v2\/media\/11729"}],"wp:attachment":[{"href":"https:\/\/www.europesays.com\/pt\/wp-json\/wp\/v2\/media?parent=11728"}],"wp:term":[{"taxonomy":"category","embeddable":true,"href":"https:\/\/www.europesays.com\/pt\/wp-json\/wp\/v2\/categories?post=11728"},{"taxonomy":"post_tag","embeddable":true,"href":"https:\/\/www.europesays.com\/pt\/wp-json\/wp\/v2\/tags?post=11728"}],"curies":[{"name":"wp","href":"https:\/\/api.w.org\/{rel}","templated":true}]}}