{"id":117281,"date":"2025-10-19T12:56:10","date_gmt":"2025-10-19T12:56:10","guid":{"rendered":"https:\/\/www.europesays.com\/pt\/117281\/"},"modified":"2025-10-19T12:56:10","modified_gmt":"2025-10-19T12:56:10","slug":"paulo-vintem-quebra-silencio-sobre-separacao-de-marta-melro-o-amor-evolui-e-transforma-se-novelas","status":"publish","type":"post","link":"https:\/\/www.europesays.com\/pt\/117281\/","title":{"rendered":"Paulo Vint\u00e9m quebra sil\u00eancio sobre separa\u00e7\u00e3o de Marta Melro: \u00abO amor evolui e transforma-se\u00bb &#8211; Novelas"},"content":{"rendered":"<p><a href=\"https:\/\/tvi.iol.pt\/novelas\/search?pagina=1&amp;pesquisa=paulo+vintem\" rel=\"nofollow noopener\" target=\"_blank\">Paulo Vint\u00e9m<\/a> quebrou o sil\u00eancio sobre a separa\u00e7\u00e3o de <a href=\"https:\/\/tvi.iol.pt\/novelas\/search?pagina=1&amp;pesquisa=marta+melro\" rel=\"nofollow noopener\" target=\"_blank\">Marta Melro<\/a>, m\u00e3e da sua filha Aurora. O m\u00fasico e ator confessou que o relacionamento mudou ap\u00f3s o nascimento da menina e reconheceu que a comunica\u00e7\u00e3o foi um dos principais desafios que o casal enfrentou. <strong>\u00abA chegada de um beb\u00e9 \u00e9 sempre um momento atribulado, as coisas ficam mais sens\u00edveis de parte a parte, h\u00e1 o cansa\u00e7o instalado, mas o que interessa \u00e9 que agora est\u00e1 tudo bem\u00bb<\/strong>, afirmou, mostrando serenidade ao falar sobre o assunto.<\/p>\n<p>Apesar da separa\u00e7\u00e3o, o ex-integrante dos D&#8217;ZRT garantiu que a liga\u00e7\u00e3o entre os dois permanece s\u00f3lida, sobretudo por causa da filha em comum. <strong>\u00abTemos uma coisa que \u00e9 a mais importante do mundo para n\u00f3s: a nossa amizade, a nossa coopera\u00e7\u00e3o e o nosso trabalho de equipa v\u00e3o ser para sempre\u00bb<\/strong>, vincou.<\/p>\n<p>O artista explicou ainda que o amor <strong>\u00abevolui e transforma-se\u00bb<\/strong>, e que a amizade e o respeito s\u00e3o hoje o alicerce da rela\u00e7\u00e3o entre ambos. <strong>\u00abContinuamos a partilhar muita coisa com a Aurora, mas \u00e9 diferente, como \u00e9 \u00f3bvio. Estamos numa fase muito boa, com boa comunica\u00e7\u00e3o e partilha\u00bb<\/strong>, revelou. Agora mais centrado na filha e na estabilidade familiar, Paulo Vint\u00e9m mostra-se grato pela maturidade conquistada. \u00abAprendi muito com a Marta, com os relacionamentos anteriores e, acima de tudo, com a Aurora\u00bb, confessou.<\/p>\n<p>\u00a0<\/p>\n","protected":false},"excerpt":{"rendered":"Paulo Vint\u00e9m quebrou o sil\u00eancio sobre a separa\u00e7\u00e3o de Marta Melro, m\u00e3e da sua filha Aurora. O m\u00fasico&hellip;\n","protected":false},"author":2,"featured_media":117282,"comment_status":"","ping_status":"","sticky":false,"template":"","format":"standard","meta":{"footnotes":""},"categories":[145],"tags":[160,211,210,166,114,115,157,167,164,18577,161,158,27440,165,159,32,33,156,1509,163,162],"class_list":{"0":"post-117281","1":"post","2":"type-post","3":"status-publish","4":"format-standard","5":"has-post-thumbnail","7":"category-celebridades","8":"tag-ana-guiomar","9":"tag-celebridades","10":"tag-celebrities","11":"tag-cristina-ferreira","12":"tag-entertainment","13":"tag-entretenimento","14":"tag-festa-e-festa","15":"tag-ficcao","16":"tag-jose-fidalgo","17":"tag-marta-melro","18":"tag-novelas","19":"tag-para-sempre","20":"tag-paulo-vintem","21":"tag-pedro-sousa","22":"tag-pedro-teixeira","23":"tag-portugal","24":"tag-pt","25":"tag-queridos-papas","26":"tag-separacao","27":"tag-tiago-teotonio-pereira","28":"tag-tvi"},"share_on_mastodon":{"url":"","error":""},"_links":{"self":[{"href":"https:\/\/www.europesays.com\/pt\/wp-json\/wp\/v2\/posts\/117281","targetHints":{"allow":["GET"]}}],"collection":[{"href":"https:\/\/www.europesays.com\/pt\/wp-json\/wp\/v2\/posts"}],"about":[{"href":"https:\/\/www.europesays.com\/pt\/wp-json\/wp\/v2\/types\/post"}],"author":[{"embeddable":true,"href":"https:\/\/www.europesays.com\/pt\/wp-json\/wp\/v2\/users\/2"}],"replies":[{"embeddable":true,"href":"https:\/\/www.europesays.com\/pt\/wp-json\/wp\/v2\/comments?post=117281"}],"version-history":[{"count":0,"href":"https:\/\/www.europesays.com\/pt\/wp-json\/wp\/v2\/posts\/117281\/revisions"}],"wp:featuredmedia":[{"embeddable":true,"href":"https:\/\/www.europesays.com\/pt\/wp-json\/wp\/v2\/media\/117282"}],"wp:attachment":[{"href":"https:\/\/www.europesays.com\/pt\/wp-json\/wp\/v2\/media?parent=117281"}],"wp:term":[{"taxonomy":"category","embeddable":true,"href":"https:\/\/www.europesays.com\/pt\/wp-json\/wp\/v2\/categories?post=117281"},{"taxonomy":"post_tag","embeddable":true,"href":"https:\/\/www.europesays.com\/pt\/wp-json\/wp\/v2\/tags?post=117281"}],"curies":[{"name":"wp","href":"https:\/\/api.w.org\/{rel}","templated":true}]}}