{"id":117303,"date":"2025-10-19T13:17:09","date_gmt":"2025-10-19T13:17:09","guid":{"rendered":"https:\/\/www.europesays.com\/pt\/117303\/"},"modified":"2025-10-19T13:17:09","modified_gmt":"2025-10-19T13:17:09","slug":"prefeitura-com-voce-realiza-4a-edicao-com-mais-de-mil-atendimentos-no-jardim-sao-jose-2-%f0%9f%93%9d-descricao","status":"publish","type":"post","link":"https:\/\/www.europesays.com\/pt\/117303\/","title":{"rendered":"Prefeitura com Voc\u00ea realiza 4\u00aa edi\u00e7\u00e3o com mais de mil atendimentos no Jardim S\u00e3o Jos\u00e9 2 \ud83d\udcdd Descri\u00e7\u00e3o:"},"content":{"rendered":"<p>A Prefeitura de S\u00e3o Jos\u00e9 dos Campos, realizou, neste s\u00e1bado (18) a 4\u00aa edi\u00e7\u00e3o do Prefeitura com Voc\u00ea na Emefi (Escola Municipal de Ensino Fundamental) Professora Rosa Tomita, no Jardim S\u00e3o Jos\u00e9 2, na regi\u00e3o leste.<\/p>\n<p><a href=\"https:\/\/www.whatsapp.com\/channel\/0029Va4C1AI3wtbCKopZhZ3E\" target=\"_blank\" rel=\"nofollow noopener\">+ Receba as not\u00edcias do dia \u2013 clique AQUI para seguir o canal MEON no WhatsApp<\/a><\/p>\n<p>Moradores do bairro e das proximidades aproveitaram o dia para acessar servi\u00e7os gratuitos nas \u00e1reas de sa\u00fade, assist\u00eancia social, transporte, finan\u00e7as, habita\u00e7\u00e3o, esporte e cultura. Cerca de 1.169 atendimentos foram realizados pelas equipes da Prefeitura. <\/p>\n<p>A Loja Solid\u00e1ria do Fundo Social de Solidariedade esteve aberta durante todo o evento, oferecendo roupas e cal\u00e7ados.<\/p>\n<p>A escola tamb\u00e9m foi um dos locais do Dia D de Vacina\u00e7\u00e3o, com atendimento das 8h30 \u00e0s 16h, atualizando cadernetas com vacinas como Influenza, COVID-19, HPV, Tr\u00edplice Viral, Hepatites A e B, Poliomielite, Rotav\u00edrus, Pneumoc\u00f3cica 10, Varicela, Meningoc\u00f3cica ACWY, entre outras.<\/p>\n<p>Desde o in\u00edcio deste ano, o programa j\u00e1 passou pelos bairros Campo dos Alem\u00e3es (Emefi Moacyr Benedicto), Pinheirinho dos Palmares (Emefi Maria Antonieta Payar) e Jardim Jussara (Emefi Professora Maria Aparecida Santos Ronconi).<\/p>\n<p>Acessibilidade e cidadania<\/p>\n<p>O programa Prefeitura com Voc\u00ea tem como objetivo aproximar os servi\u00e7os p\u00fablicos da popula\u00e7\u00e3o.<\/p>\n<p>Facilita o acesso, promove o acolhimento e garante informa\u00e7\u00e3o e cidadania aos moradores de todas as regi\u00f5es de S\u00e3o Jos\u00e9. <\/p>\n<p>Servi\u00e7os e atendimentos oferecidos<\/p>\n<p>\u2022 Testes r\u00e1pidos (HIV, s\u00edfilis, hepatites B e C)<\/p>\n<p>\u2022 Vacina\u00e7\u00e3o (gripe, HPV, COVID-19 e Dia D)<\/p>\n<p>\u2022 Orienta\u00e7\u00e3o sobre Cad\u00danico (Cadastro \u00danico)<\/p>\n<p>\u2022 Credencial estacionamento para idoso e pessoa com defici\u00eancia<\/p>\n<p> \u2022 Emiss\u00e3o e orienta\u00e7\u00f5es sobre cart\u00f5es de \u00f4nibus (vale-transporte, estudante, idoso)<\/p>\n<p>\u2022 Transporte adaptado<\/p>\n<p>\u2022 2\u00aa via e parcelamento de IPTU<\/p>\n<p>\u2022 Abertura de protocolos<\/p>\n<p>\u2022 Corte de cabelo gratuito<\/p>\n<p>\u2022 Inscri\u00e7\u00e3o no Programa Habitacional<\/p>\n<p>\u2022 Rua de lazer para crian\u00e7as<\/p>\n<p>\u2022 Atendimento do PAT com vagas de emprego<\/p>\n<p>\u2022 Vagas de cursos do Qualifica S\u00e3o Jos\u00e9<\/p>\n<p>\u2022 Pipoca e algod\u00e3o-doce gratuitos<\/p>\n<p>\u2022 Loja Solid\u00e1ria<\/p>\n<p>\u2022 Regulariza\u00e7\u00e3o fundi\u00e1ria<\/p>\n","protected":false},"excerpt":{"rendered":"A Prefeitura de S\u00e3o Jos\u00e9 dos Campos, realizou, neste s\u00e1bado (18) a 4\u00aa edi\u00e7\u00e3o do Prefeitura com Voc\u00ea&hellip;\n","protected":false},"author":2,"featured_media":117304,"comment_status":"","ping_status":"","sticky":false,"template":"","format":"standard","meta":{"footnotes":""},"categories":[86],"tags":[3984,27447,1561,456,116,27448,32,27445,33,27449,3567,117,27446,6177,2820],"class_list":{"0":"post-117303","1":"post","2":"type-post","3":"status-publish","4":"format-standard","5":"has-post-thumbnail","7":"category-saude","8":"tag-acao-social","9":"tag-atendimento-gratuito","10":"tag-cidadania","11":"tag-habitacao","12":"tag-health","13":"tag-jardim-sao-jose-2","14":"tag-portugal","15":"tag-prefeitura-com-voce","16":"tag-pt","17":"tag-rosa-tomita","18":"tag-sao-jose-dos-campos","19":"tag-saude","20":"tag-servicos-publicos","21":"tag-transporte","22":"tag-vacinacao"},"share_on_mastodon":{"url":"","error":""},"_links":{"self":[{"href":"https:\/\/www.europesays.com\/pt\/wp-json\/wp\/v2\/posts\/117303","targetHints":{"allow":["GET"]}}],"collection":[{"href":"https:\/\/www.europesays.com\/pt\/wp-json\/wp\/v2\/posts"}],"about":[{"href":"https:\/\/www.europesays.com\/pt\/wp-json\/wp\/v2\/types\/post"}],"author":[{"embeddable":true,"href":"https:\/\/www.europesays.com\/pt\/wp-json\/wp\/v2\/users\/2"}],"replies":[{"embeddable":true,"href":"https:\/\/www.europesays.com\/pt\/wp-json\/wp\/v2\/comments?post=117303"}],"version-history":[{"count":0,"href":"https:\/\/www.europesays.com\/pt\/wp-json\/wp\/v2\/posts\/117303\/revisions"}],"wp:featuredmedia":[{"embeddable":true,"href":"https:\/\/www.europesays.com\/pt\/wp-json\/wp\/v2\/media\/117304"}],"wp:attachment":[{"href":"https:\/\/www.europesays.com\/pt\/wp-json\/wp\/v2\/media?parent=117303"}],"wp:term":[{"taxonomy":"category","embeddable":true,"href":"https:\/\/www.europesays.com\/pt\/wp-json\/wp\/v2\/categories?post=117303"},{"taxonomy":"post_tag","embeddable":true,"href":"https:\/\/www.europesays.com\/pt\/wp-json\/wp\/v2\/tags?post=117303"}],"curies":[{"name":"wp","href":"https:\/\/api.w.org\/{rel}","templated":true}]}}