{"id":117334,"date":"2025-10-19T13:51:11","date_gmt":"2025-10-19T13:51:11","guid":{"rendered":"https:\/\/www.europesays.com\/pt\/117334\/"},"modified":"2025-10-19T13:51:11","modified_gmt":"2025-10-19T13:51:11","slug":"valiosa-raquete-de-ouro-o-premio-de-sinner-que-encantou-alcaraz","status":"publish","type":"post","link":"https:\/\/www.europesays.com\/pt\/117334\/","title":{"rendered":"Valiosa raquete de ouro: o pr\u00e9mio de Sinner que encantou Alcaraz"},"content":{"rendered":"<p><a class=\"autolink-enabled\" data-resource-id=\"b128477f-4d4c-488f-a951-f01de0be17b6\" data-resource-type=\"player\" data-sport=\"tennis\" href=\"https:\/\/www.abola.pt\/tenis\/jogador\/jannik-sinner-5OI34VzBZEhajwrYUCnZuY\" rel=\"nofollow noopener\" target=\"_blank\">Jannik Sinner<\/a> bateu <a class=\"autolink-enabled\" data-resource-id=\"88f0fa5a-d0e7-4010-92c4-c121dbee8c67\" data-resource-type=\"player\" data-sport=\"tennis\" href=\"https:\/\/www.abola.pt\/tenis\/jogador\/carlos-alcaraz-4AP5Bk8FGK41vAOcxw4235\" rel=\"nofollow noopener\" target=\"_blank\">Carlos Alcaraz<\/a> na final do Six Kings Slam, em Riade, Ar\u00e1bia Saudita, e como pr\u00e9mio recebeu quantia de aproximadamente cinco milh\u00f5es de euros, al\u00e9m de uma raquete de ouro.<\/p>\n<p style=\"text-align: justify\">O presente, que na primeira edi\u00e7\u00e3o foi entregue a <a target=\"_blank\" class=\"editor-link autolink-enabled\" href=\"https:\/\/www.abola.pt\/tenis\/jogador\/rafael-nadal-4A5Mj7J8rOaJow2zwzmxpw\" data-resource-id=\"88c5d558-2950-40fa-9f5f-667dfa398dd0\" data-resource-type=\"player\" data-sport=\"tennis\" rel=\"nofollow noopener\">Rafael Nadal<\/a>, acabou agora nas m\u00e3os do tenista italiano, que o recebeu do ministro Turki Al Sheikh, antigo dono do <a target=\"_blank\" class=\"editor-link autolink-enabled\" href=\"https:\/\/www.abola.pt\/futebol\/almeria-208\" data-resource-id=\"208\" data-resource-type=\"team\" data-sport=\"football\" rel=\"nofollow noopener\">Almer\u00eda<\/a>.<\/p>\n<p style=\"text-align: justify\">O pr\u00e9mio, que pesa mais de tr\u00eas quilos e est\u00e1 avaliado em 250 mil euros, foi cobi\u00e7ado por Alcaraz, que n\u00e3o parou de olhar para o mesmo no final do torneio de exibi\u00e7\u00e3o&#8230;<\/p>\n","protected":false},"excerpt":{"rendered":"Jannik Sinner bateu Carlos Alcaraz na final do Six Kings Slam, em Riade, Ar\u00e1bia Saudita, e como pr\u00e9mio&hellip;\n","protected":false},"author":2,"featured_media":117335,"comment_status":"","ping_status":"","sticky":false,"template":"","format":"standard","meta":{"footnotes":""},"categories":[8],"tags":[27,28,15,16,14,25,26,21,22,12,13,19,20,32,23,24,33,17,18,29,30,31],"class_list":{"0":"post-117334","1":"post","2":"type-post","3":"status-publish","4":"format-standard","5":"has-post-thumbnail","7":"category-principais-noticias","8":"tag-breaking-news","9":"tag-breakingnews","10":"tag-featured-news","11":"tag-featurednews","12":"tag-headlines","13":"tag-latest-news","14":"tag-latestnews","15":"tag-main-news","16":"tag-mainnews","17":"tag-news","18":"tag-noticias","19":"tag-noticias-principais","20":"tag-noticiasprincipais","21":"tag-portugal","22":"tag-principais-noticias","23":"tag-principaisnoticias","24":"tag-pt","25":"tag-top-stories","26":"tag-topstories","27":"tag-ultimas","28":"tag-ultimas-noticias","29":"tag-ultimasnoticias"},"share_on_mastodon":{"url":"","error":""},"_links":{"self":[{"href":"https:\/\/www.europesays.com\/pt\/wp-json\/wp\/v2\/posts\/117334","targetHints":{"allow":["GET"]}}],"collection":[{"href":"https:\/\/www.europesays.com\/pt\/wp-json\/wp\/v2\/posts"}],"about":[{"href":"https:\/\/www.europesays.com\/pt\/wp-json\/wp\/v2\/types\/post"}],"author":[{"embeddable":true,"href":"https:\/\/www.europesays.com\/pt\/wp-json\/wp\/v2\/users\/2"}],"replies":[{"embeddable":true,"href":"https:\/\/www.europesays.com\/pt\/wp-json\/wp\/v2\/comments?post=117334"}],"version-history":[{"count":0,"href":"https:\/\/www.europesays.com\/pt\/wp-json\/wp\/v2\/posts\/117334\/revisions"}],"wp:featuredmedia":[{"embeddable":true,"href":"https:\/\/www.europesays.com\/pt\/wp-json\/wp\/v2\/media\/117335"}],"wp:attachment":[{"href":"https:\/\/www.europesays.com\/pt\/wp-json\/wp\/v2\/media?parent=117334"}],"wp:term":[{"taxonomy":"category","embeddable":true,"href":"https:\/\/www.europesays.com\/pt\/wp-json\/wp\/v2\/categories?post=117334"},{"taxonomy":"post_tag","embeddable":true,"href":"https:\/\/www.europesays.com\/pt\/wp-json\/wp\/v2\/tags?post=117334"}],"curies":[{"name":"wp","href":"https:\/\/api.w.org\/{rel}","templated":true}]}}