{"id":117336,"date":"2025-10-19T13:52:21","date_gmt":"2025-10-19T13:52:21","guid":{"rendered":"https:\/\/www.europesays.com\/pt\/117336\/"},"modified":"2025-10-19T13:52:21","modified_gmt":"2025-10-19T13:52:21","slug":"apos-abrir-portas-de-casa-luxuosa-ines-simoes-desabafa-nao-resultou","status":"publish","type":"post","link":"https:\/\/www.europesays.com\/pt\/117336\/","title":{"rendered":"Ap\u00f3s abrir portas de casa luxuosa, In\u00eas Sim\u00f5es desabafa: &#8220;N\u00e3o resultou&#8221;"},"content":{"rendered":"<p>No passado m\u00eas de agosto, <a href=\"https:\/\/selfie.iol.pt\/famosos\/big-brother\/apos-cirurgia-ines-simoes-revela-mudanca-drastica-finalmente-consigo-fechar-as-minhas-camisas\/20251012\/68eb7485d34e58bc6796cb3f\" target=\"_blank\" rel=\"nofollow noopener\">In\u00eas Sim\u00f5es<\/a> abriu as portas da luxuosa casa. Recorrendo ao Instagram, a comentadora de reality shows da <a href=\"https:\/\/tvi.iol.pt\/\" target=\"_blank\" rel=\"nofollow noopener\">TVI<\/a> tem partilhado registos de um <a href=\"https:\/\/selfie.iol.pt\/famosos\/ines-simoes\/apos-mostrar-nova-casa-com-vista-mar-ines-simoes-e-alvo-de-criticas-e-responde-a-letra\/20250830\/68b2f039d34e3f0baea228f8\" target=\"_blank\" rel=\"nofollow noopener\">lar doce lar com vista para o mar<\/a>.<\/p>\n<p>Entretanto, e a prop\u00f3sito dessa nova casa, In\u00eas Sim\u00f5es deixou um desabafo sobre uma \u00e1rea espec\u00edfica da habita\u00e7\u00e3o: o jardim.<\/p>\n<p>&#8220;O que voc\u00eas colocariam aqui para proteger as eug\u00e9nias destas pestes? Algo que ficasse bem&#8221;, come\u00e7ou por referir a tamb\u00e9m atriz na legenda da imagem, acrescentando: &#8220;J\u00e1 percebi que esta mini veda\u00e7\u00e3o n\u00e3o resultou.&#8221;<\/p>\n<p>Veja, agora, a imagem partilhada por In\u00eas Sim\u00f5es na galeria de fotografias que prepar\u00e1mos para si.<\/p>\n","protected":false},"excerpt":{"rendered":"No passado m\u00eas de agosto, In\u00eas Sim\u00f5es abriu as portas da luxuosa casa. Recorrendo ao Instagram, a comentadora&hellip;\n","protected":false},"author":2,"featured_media":117337,"comment_status":"","ping_status":"","sticky":false,"template":"","format":"standard","meta":{"footnotes":""},"categories":[145],"tags":[813,48,2019,211,210,114,115,980,8351,1015,16497,619,32,33,1012,162],"class_list":{"0":"post-117336","1":"post","2":"type-post","3":"status-publish","4":"format-standard","5":"has-post-thumbnail","7":"category-celebridades","8":"tag-atriz","9":"tag-big-brother","10":"tag-casa","11":"tag-celebridades","12":"tag-celebrities","13":"tag-entertainment","14":"tag-entretenimento","15":"tag-famosos","16":"tag-ines-simoes","17":"tag-instagram","18":"tag-jardim","19":"tag-nacional","20":"tag-portugal","21":"tag-pt","22":"tag-selfie","23":"tag-tvi"},"share_on_mastodon":{"url":"","error":""},"_links":{"self":[{"href":"https:\/\/www.europesays.com\/pt\/wp-json\/wp\/v2\/posts\/117336","targetHints":{"allow":["GET"]}}],"collection":[{"href":"https:\/\/www.europesays.com\/pt\/wp-json\/wp\/v2\/posts"}],"about":[{"href":"https:\/\/www.europesays.com\/pt\/wp-json\/wp\/v2\/types\/post"}],"author":[{"embeddable":true,"href":"https:\/\/www.europesays.com\/pt\/wp-json\/wp\/v2\/users\/2"}],"replies":[{"embeddable":true,"href":"https:\/\/www.europesays.com\/pt\/wp-json\/wp\/v2\/comments?post=117336"}],"version-history":[{"count":0,"href":"https:\/\/www.europesays.com\/pt\/wp-json\/wp\/v2\/posts\/117336\/revisions"}],"wp:featuredmedia":[{"embeddable":true,"href":"https:\/\/www.europesays.com\/pt\/wp-json\/wp\/v2\/media\/117337"}],"wp:attachment":[{"href":"https:\/\/www.europesays.com\/pt\/wp-json\/wp\/v2\/media?parent=117336"}],"wp:term":[{"taxonomy":"category","embeddable":true,"href":"https:\/\/www.europesays.com\/pt\/wp-json\/wp\/v2\/categories?post=117336"},{"taxonomy":"post_tag","embeddable":true,"href":"https:\/\/www.europesays.com\/pt\/wp-json\/wp\/v2\/tags?post=117336"}],"curies":[{"name":"wp","href":"https:\/\/api.w.org\/{rel}","templated":true}]}}